{"id":79919,"date":"2022-10-25T15:47:20","date_gmt":"2022-10-25T20:47:20","guid":{"rendered":"https:\/\/nvnoticias.mx\/?p=79919"},"modified":"2022-10-25T15:47:21","modified_gmt":"2022-10-25T20:47:21","slug":"ninos-beben-cloro-en-guarderia-del-imss","status":"publish","type":"post","link":"https:\/\/nvnoticias.mx\/index.php\/2022\/10\/25\/ninos-beben-cloro-en-guarderia-del-imss\/","title":{"rendered":"Ni\u00f1os beben cloro en guarder\u00eda del IMSS"},"content":{"rendered":"\n<p>Padres de familia de la guarder\u00eda n\u00famero 35, del Instituto Mexicano del Seguro Social (IMSS), bloquean la avenida Sevilla, a la altura de Chapultepec, en la colonia Ju\u00e1rez, alcald\u00eda Cuauht\u00e9moc, para denunciar que el 14 de octubre pasado, cuatro ni\u00f1os que acuden a la estancia infantil\u00a0 bebieron cloro en lugar de agua potable. <\/p>\n\n\n\n<p>Los padres de familia\u00a0explicaron que el incidente solo fue notificado a cinco mam\u00e1s del sal\u00f3n de los menores afectados, quienes en compa\u00f1\u00eda de la directora de la guarder\u00eda, Dalila Carrillo Evaristo, determinaron trasladar a los ni\u00f1os a la cl\u00ednica 1 del IMSS. <\/p>\n\n\n\n<p>Posteriormente, al llegar a la cl\u00ednica, se sugiri\u00f3 trasladarlos a Urgencias del Hospital Gabriel Mancera,\u00a0donde m\u00e1s tarde fueron dados de alta. <\/p>\n\n\n\n<p>Para el d\u00eda 17 de octubre, los padres de familia acudieron en compa\u00f1\u00eda de sus hijos a Urgencias del Hospital de Gineco-Pediatria 3A, donde tras una atenci\u00f3n m\u00e1s precisa, se determin\u00f3 que los ni\u00f1os no presentaban alg\u00fan da\u00f1o mayor, lo que reconfirm\u00f3 que fueran dados de alta. <\/p>\n\n\n\n<p>Sin embargo, los pap\u00e1s\u00a0cerraron el paso en todos los carriles de la avenida, frente a la guarder\u00eda del IMSS, mostrando pancartas y gritando consignas para exigir que se aclare el caso y la destituci\u00f3n de la directora. <\/p>\n\n\n\n<p>Personal directivo del IMSS dialog\u00f3 en el sitio con los padres de familia y les confirm\u00f3 que\u00a0 remover\u00e1n del cargo a la directora de la estancia, adem\u00e1s de que dar\u00e1n puntual seguimiento al estado de salud de todos los ni\u00f1os que aparentemente ingirieron cloro. <\/p>\n\n\n\n<p>Fuente: <a href=\"https:\/\/www.milenio.com\/politica\/comunidad\/cdmx-papas-denuncian-que-ninos-bebieron-cloro-en-guarderia-imss\">Milenio<\/a><\/p>\n","protected":false},"excerpt":{"rendered":"<p>Padres de familia de la guarder\u00eda n\u00famero 35, del Instituto Mexicano del Seguro Social (IMSS), bloquean la avenida Sevilla, a la altura de Chapultepec, en la colonia Ju\u00e1rez, alcald\u00eda Cuauht\u00e9moc, para denunciar que el 14 de octubre pasado, cuatro ni\u00f1os que acuden a la estancia infantil\u00a0 bebieron cloro en lugar de agua potable. Los padres [&hellip;]<\/p>\n","protected":false},"author":8,"featured_media":79920,"comment_status":"open","ping_status":"open","sticky":false,"template":"","format":"standard","meta":{"_monsterinsights_skip_tracking":false,"_monsterinsights_sitenote_active":false,"_monsterinsights_sitenote_note":"","_monsterinsights_sitenote_category":0,"footnotes":""},"categories":[157],"tags":[9843,365,1016],"class_list":["post-79919","post","type-post","status-publish","format-standard","has-post-thumbnail","hentry","category-nacional","tag-guarderia","tag-imss","tag-ninos","wp-image-borders"],"amp_enabled":true,"_links":{"self":[{"href":"https:\/\/nvnoticias.mx\/index.php\/wp-json\/wp\/v2\/posts\/79919","targetHints":{"allow":["GET"]}}],"collection":[{"href":"https:\/\/nvnoticias.mx\/index.php\/wp-json\/wp\/v2\/posts"}],"about":[{"href":"https:\/\/nvnoticias.mx\/index.php\/wp-json\/wp\/v2\/types\/post"}],"author":[{"embeddable":true,"href":"https:\/\/nvnoticias.mx\/index.php\/wp-json\/wp\/v2\/users\/8"}],"replies":[{"embeddable":true,"href":"https:\/\/nvnoticias.mx\/index.php\/wp-json\/wp\/v2\/comments?post=79919"}],"version-history":[{"count":1,"href":"https:\/\/nvnoticias.mx\/index.php\/wp-json\/wp\/v2\/posts\/79919\/revisions"}],"predecessor-version":[{"id":79921,"href":"https:\/\/nvnoticias.mx\/index.php\/wp-json\/wp\/v2\/posts\/79919\/revisions\/79921"}],"wp:featuredmedia":[{"embeddable":true,"href":"https:\/\/nvnoticias.mx\/index.php\/wp-json\/wp\/v2\/media\/79920"}],"wp:attachment":[{"href":"https:\/\/nvnoticias.mx\/index.php\/wp-json\/wp\/v2\/media?parent=79919"}],"wp:term":[{"taxonomy":"category","embeddable":true,"href":"https:\/\/nvnoticias.mx\/index.php\/wp-json\/wp\/v2\/categories?post=79919"},{"taxonomy":"post_tag","embeddable":true,"href":"https:\/\/nvnoticias.mx\/index.php\/wp-json\/wp\/v2\/tags?post=79919"}],"curies":[{"name":"wp","href":"https:\/\/api.w.org\/{rel}","templated":true}]}}