{"id":79778,"date":"2022-10-24T14:10:00","date_gmt":"2022-10-24T19:10:00","guid":{"rendered":"https:\/\/nvnoticias.mx\/?p=79778"},"modified":"2022-10-24T16:15:00","modified_gmt":"2022-10-24T21:15:00","slug":"los-europeones-pierden-consenso-y-aliados","status":"publish","type":"post","link":"https:\/\/nvnoticias.mx\/index.php\/2022\/10\/24\/los-europeones-pierden-consenso-y-aliados\/","title":{"rendered":"Los europeones pierden consenso y aliados"},"content":{"rendered":"\n<p class=\"has-text-align-right\"><strong>Por Edgard Gonz\u00e1lez Su\u00e1rez<\/strong><\/p>\n\n\n\n<p>Los europeones, es decir, los pa\u00edses europeos que est\u00e1n bajo la bota militar-industrial de los Estados Unidos, cantan al son que el pent\u00e1gono les indica con tal de mantener sus privilegios o lo que ellos llaman pomposamente su \u201ccalidad de vida\u201d suntuosa o sin premuras econ\u00f3micas.<\/p>\n\n\n\n<p>En el bando de la extrema derecha tenemos a \u00darsula Von Der Leyer, alemana y actual ministra de la Comunidad Europea, ha sostenido siempre y en todo momento un discurso de confrontaci\u00f3n contra la federaci\u00f3n rusa, a quien acusa, siempre, de ser la causante del desastre energ\u00e9tico que hoy vive Europa. No, no son las absurdas sanciones econ\u00f3micas a Rusia, no son sus errores al bloquear divisas y propiedades de los rusos, no son sus intentos por descarrilar la econom\u00eda rusa, no son las presiones y amenazas a los pa\u00edses europeones m\u00e1s d\u00e9biles, no, es la operaci\u00f3n militar rusa en Ucrania lo que tiene a los europillos al borde de la quiebra.<\/p>\n\n\n\n<p>Joseph Borrell, catal\u00e1n, de origen espa\u00f1ol, y ministro de asuntos exteriores de la comunidad europea ha protagonizado uno de los rid\u00edculos m\u00e1s espantosos en la diplomacia internacional. Sera cuesti\u00f3n de d\u00edas que deje el cargo, por inepto y echarse al mundo encima- No solo ha adoptado el discurso guerrerista y violento en contra de Rusia, sino que recientemente adopto de plano el discurso clasista, racista y discriminador de los europillos, del conglomerado colonial industrial europeo. Con su habitual y amenazante tono belicista, ha apostado por las sanciones, por el aislamiento y el descredito de la federaci\u00f3n rusa en Europa y en el mundo. El \u201cjard\u00edn\u201d europeo con el que siempre so\u00f1\u00f3 Borrell ahora es una jungla tropical con miles decenas de miles de espa\u00f1oles, franceses, alemanes italianos y brit\u00e1nicos marchando en contra de la est\u00fapida gesti\u00f3n de la crisis ucraniana por parte de Europa.<\/p>\n\n\n\n<p>Jens Stontelberg, secretario general de la OTAN, noruego, un neoliberal de pura cepa, que incluso recibi\u00f3 duras cr\u00edticas dentro de su partido y dentro de noruega al apostar, como buen neoliberal por la venta de empresas estatales noruegas a los corporativos brit\u00e1nico-americanos, qu\u00e9 devolvi\u00e9ndole el favor, lo apoyaron para dirigir la Organizaci\u00f3n del Tratado del Atl\u00e1ntico Norte. Y cada vez que puede amenaza a Rusia con intervenir en el conflicto en la defensa de los intereses europeos. En los \u00faltimos d\u00edas ha dado sendos titulares al mundo occidental, \u201calg\u00fan d\u00eda Ucrania ser\u00e1 miembro de la OTAN\u201d, y \u201cla OTAN tiene indicios de que Ir\u00e1n suministra drones a Rusia\u201d.<\/p>\n\n\n\n<p>Estos son los Europeones defensores de los europillos -las empresas y corporativos transnacionales- que se metieron de cabeza en contra de la federaci\u00f3n rusa, y que hoy, ante la evidente crisis de legitimidad de sus lideres en Europa, empiezan a sentir el efecto bumerang de su pol\u00edtica de sanciones, dictada por los EEUU.<\/p>\n\n\n\n<p>La crisis de la guerra ucraniana ha reportado en Europa una inflaci\u00f3n que ha pegado de manera diferente a los pa\u00edses de la eurozona, \u00edndices que van desde la inflaci\u00f3n del 6% de Francia, 8% de Alemania, 11% de Espa\u00f1a y 15% de Grecia o Lituania. Aunado a los \u00edndices inflacionarios; la escases, de gas, gasolina, y petr\u00f3leo, amenazan a Europa con cada vez m\u00e1s movilizaciones, marchas de protesta, represi\u00f3n y huelgas por sector.<\/p>\n\n\n\n<p>Y por si esto fuera poco, la disyuntiva parece indescriptible, o derrotan en toda la l\u00ednea a la Federaci\u00f3n Rusa -cosa que se ve improbable- o la extensi\u00f3n de la guerra llevar\u00e1 a Europa, no s\u00f3lo a sufrir el desastre de un invierno sin energ\u00e9ticos, sino las industrias estrat\u00e9gicas y m\u00e1s importantes semiparalizadas, como la automotriz, la aviaci\u00f3n, los fertilizantes, los productos qu\u00edmicos, la agroindustria, entre otros.<\/p>\n\n\n\n<p>No se ve un fin a la guerra, los brit\u00e1nicos y americanos se comprometieron hasta el fondo con ayudas multimillonarias en efectivo y material b\u00e9lico con Ucrania, pero la federaci\u00f3n no solo ha resistido, a mantenido los territorios anexados bajo su poder, desarroll\u00f3 su operativo b\u00e9lico, ha infringido estrat\u00e9gicos da\u00f1os a la infraestructura ucraniana, a generalizado la idea de que el r\u00e9gimen de ucrania no puede detener a la federaci\u00f3n, ha podido mantener en pie la idea de que el r\u00e9gimen ucraniano es financiado y apoyado militarmente por los EEUU, lo que ha la larga implicar\u00e1 una dura hipoteca y dependencia de los norteamericanos.<\/p>\n\n\n\n<p>Los europeones pierden consenso, pierden legitimidad, y pierden aliados, o van al fondo hasta sus \u00faltimas consecuencias, o inician de inmediato un plan de negociaciones de paz entre los contendientes. Mientras tanto, todo indica que la guerra durar\u00e1 hasta despu\u00e9s del invierno europeo. Hoy se cumplen exactamente 8 meses de haber iniciado el conflicto, es muy probable, s\u00ed no hay tregua, que la Guerra llegue al a\u00f1o, y vamos a ver como llegan los beligerantes.<\/p>\n","protected":false},"excerpt":{"rendered":"<p>Por Edgard Gonz\u00e1lez Su\u00e1rez Los europeones, es decir, los pa\u00edses europeos que est\u00e1n bajo la bota militar-industrial de los Estados Unidos, cantan al son que el pent\u00e1gono les indica con tal de mantener sus privilegios o lo que ellos llaman pomposamente su \u201ccalidad de vida\u201d suntuosa o sin premuras econ\u00f3micas. En el bando de la [&hellip;]<\/p>\n","protected":false},"author":26,"featured_media":44540,"comment_status":"open","ping_status":"open","sticky":false,"template":"","format":"standard","meta":{"_monsterinsights_skip_tracking":false,"_monsterinsights_sitenote_active":false,"_monsterinsights_sitenote_note":"","_monsterinsights_sitenote_category":0,"footnotes":""},"categories":[242],"tags":[702],"class_list":["post-79778","post","type-post","status-publish","format-standard","has-post-thumbnail","hentry","category-macroscopio","tag-edgard-gonzalez-suarez","wp-image-borders"],"amp_enabled":true,"_links":{"self":[{"href":"https:\/\/nvnoticias.mx\/index.php\/wp-json\/wp\/v2\/posts\/79778","targetHints":{"allow":["GET"]}}],"collection":[{"href":"https:\/\/nvnoticias.mx\/index.php\/wp-json\/wp\/v2\/posts"}],"about":[{"href":"https:\/\/nvnoticias.mx\/index.php\/wp-json\/wp\/v2\/types\/post"}],"author":[{"embeddable":true,"href":"https:\/\/nvnoticias.mx\/index.php\/wp-json\/wp\/v2\/users\/26"}],"replies":[{"embeddable":true,"href":"https:\/\/nvnoticias.mx\/index.php\/wp-json\/wp\/v2\/comments?post=79778"}],"version-history":[{"count":1,"href":"https:\/\/nvnoticias.mx\/index.php\/wp-json\/wp\/v2\/posts\/79778\/revisions"}],"predecessor-version":[{"id":79779,"href":"https:\/\/nvnoticias.mx\/index.php\/wp-json\/wp\/v2\/posts\/79778\/revisions\/79779"}],"wp:featuredmedia":[{"embeddable":true,"href":"https:\/\/nvnoticias.mx\/index.php\/wp-json\/wp\/v2\/media\/44540"}],"wp:attachment":[{"href":"https:\/\/nvnoticias.mx\/index.php\/wp-json\/wp\/v2\/media?parent=79778"}],"wp:term":[{"taxonomy":"category","embeddable":true,"href":"https:\/\/nvnoticias.mx\/index.php\/wp-json\/wp\/v2\/categories?post=79778"},{"taxonomy":"post_tag","embeddable":true,"href":"https:\/\/nvnoticias.mx\/index.php\/wp-json\/wp\/v2\/tags?post=79778"}],"curies":[{"name":"wp","href":"https:\/\/api.w.org\/{rel}","templated":true}]}}