{"id":79684,"date":"2022-10-24T11:20:27","date_gmt":"2022-10-24T16:20:27","guid":{"rendered":"https:\/\/nvnoticias.mx\/?p=79684"},"modified":"2022-10-24T11:20:29","modified_gmt":"2022-10-24T16:20:29","slug":"de-mal-gusto-estrategia-de-audios-de-sansores-contra-monreal-amlo","status":"publish","type":"post","link":"https:\/\/nvnoticias.mx\/index.php\/2022\/10\/24\/de-mal-gusto-estrategia-de-audios-de-sansores-contra-monreal-amlo\/","title":{"rendered":"De mal gusto estrategia de audios de Sansores contra Monreal: AMLO"},"content":{"rendered":"\n<p>Aunque dijo que la revelaci\u00f3n de supuestos audios que comprometer\u00edan al l\u00edder de Morena en el Senado, Ricardo Monreal, no afectar\u00e1 pol\u00edticamente al movimiento, el presidente Andr\u00e9s Manuel L\u00f3pez Obrador reconoci\u00f3 este lunes que esta practica no debe emplearse porque es de mal gusto.<\/p>\n\n\n\n<blockquote class=\"wp-block-quote is-layout-flow wp-block-quote-is-layout-flow\"><p>\u201cLa verdad que no afecta mucho, yo dir\u00eda que nada, porque ya la gente est\u00e1 muy consciente, no se deja manipular pero es de mal gusto, aunque no afecta, no deber\u00eda de hacerse eso, no hace falta. Miren c\u00f3mo les fue a los de la chachalaca y c\u00f3mo se llama el \u00e1rbol, el ave tan bella, la guacamaya, que se volvi\u00f3 zopilota.<\/p><\/blockquote>\n\n\n\n<blockquote class=\"wp-block-quote is-layout-flow wp-block-quote-is-layout-flow\"><p>\u201cNo afecta pol\u00edticamente, hasta puede beneficiar, sin duda, es de mal gusto, no debe de prevalecer eso. Es mi punto de vista, estimo much\u00edsimo, much\u00edsimo, la admiro, por ser luchona, a Layda Sansores, porque ha enfrentado de todo, me consta, represi\u00f3n, fraudes, es una mujer de lucha, con convicciones\u201d, expuso el jefe del Ejecutivo federal.<\/p><\/blockquote>\n\n\n\n<p>Y es que este fin de semana, la gobernadora de Campeche, Layda Sansores, advirti\u00f3 que el pr\u00f3ximo martes, en su programa #MartesDeJaguar, dar\u00eda a conocer audios del tambi\u00e9n presidente de la Junta de Coordinaci\u00f3n Pol\u00edtica (Jucopo), Monreal.<\/p>\n\n\n\n<p>Al respecto, el senador por Zacatecas se\u00f1al\u00f3 que este tipo de pr\u00e1cticas s\u00f3lo debilitan al partido y comprometen el triunfo de Morena en la elecci\u00f3n presidencial de 2024, al tiempo que acelera una fractura interna en el movimiento.<\/p>\n\n\n\n<blockquote class=\"wp-block-quote is-layout-flow wp-block-quote-is-layout-flow\"><p>\u201cEl hecho de que lo anuncie la gobernadora ya es un indicio de la guerra sucia que me parece pudiera desencadenar en que el movimiento se conduzca a caminos sin retorno\u201d, lament\u00f3 Monreal.<\/p><\/blockquote>\n\n\n\n<blockquote class=\"wp-block-quote is-layout-flow wp-block-quote-is-layout-flow\"><p>\u201cLa sucesi\u00f3n anticipada est\u00e1 provocando guerras intestinas y esto puede poner en riesgo que nuestro movimiento ratifique su triunfo en 2024.\u00a0Tengamos cuidado, para no adentrarnos en caminos sin retorno\u201d, a\u00f1adi\u00f3.<\/p><\/blockquote>\n\n\n\n<p>El jefe del Ejecutivo federal se\u00f1al\u00f3 que respeta la carrera pol\u00edtica de Ricardo Monreal que durante muchos a\u00f1os fue perseguido por el PRI para detener sus aspiraciones como la gubernatura de Zacatecas.<\/p>\n\n\n\n<blockquote class=\"wp-block-quote is-layout-flow wp-block-quote-is-layout-flow\"><p>\u201cTambi\u00e9n respeto a Ricardo Monreal, lo conozco desde hace mucho tiempo, desde que tom\u00f3 la decisi\u00f3n de abandonar el PRI, porque, precisamente, el se\u00f1or Zedillo, no quer\u00eda que fuera candidato del PRI en Zacatecas. Hab\u00edan hecho un libro, tambi\u00e9n difamatorio, en contra de la se\u00f1ora del Presidente Zedillo, un libro corriente, vulgar.<\/p><\/blockquote>\n\n\n\n<blockquote class=\"wp-block-quote is-layout-flow wp-block-quote-is-layout-flow\"><p>\u201cY los adversarios de Ricardo, que buscaban tambi\u00e9n la candidatura del PRI, nosotros ten\u00edamos, me acuerdo, creo que el 5% de intenci\u00f3n de voto, entonces los adversarios, pienso, le hicieron creer a Zedillo que detr\u00e1s de la publicaci\u00f3n del libro estaba Ricardo Monreal, entonces, eso s\u00ed me consta, no quer\u00edan que Ricardo fuese gobernador\u201d, refiri\u00f3.<\/p><\/blockquote>\n\n\n\n<p>Fuente: <a href=\"https:\/\/www.forbes.com.mx\/de-mal-gusto-estrategia-de-audios-de-sansores-contra-monreal-reconoce-amlo\/\" data-type=\"URL\" data-id=\"https:\/\/www.forbes.com.mx\/de-mal-gusto-estrategia-de-audios-de-sansores-contra-monreal-reconoce-amlo\/\">Forbes<\/a><\/p>\n","protected":false},"excerpt":{"rendered":"<p>Aunque dijo que la revelaci\u00f3n de supuestos audios que comprometer\u00edan al l\u00edder de Morena en el Senado, Ricardo Monreal, no afectar\u00e1 pol\u00edticamente al movimiento, el presidente Andr\u00e9s Manuel L\u00f3pez Obrador reconoci\u00f3 este lunes que esta practica no debe emplearse porque es de mal gusto. \u201cLa verdad que no afecta mucho, yo dir\u00eda que nada, porque [&hellip;]<\/p>\n","protected":false},"author":35,"featured_media":59348,"comment_status":"open","ping_status":"open","sticky":false,"template":"","format":"standard","meta":{"_monsterinsights_skip_tracking":false,"_monsterinsights_sitenote_active":false,"_monsterinsights_sitenote_note":"","_monsterinsights_sitenote_category":0,"footnotes":""},"categories":[158],"tags":[188,15254,6168,600,20480],"class_list":["post-79684","post","type-post","status-publish","format-standard","has-post-thumbnail","hentry","category-politica","tag-amlo","tag-audios","tag-estrategia","tag-ricardo-monreal","tag-sansores","wp-image-borders"],"amp_enabled":true,"_links":{"self":[{"href":"https:\/\/nvnoticias.mx\/index.php\/wp-json\/wp\/v2\/posts\/79684","targetHints":{"allow":["GET"]}}],"collection":[{"href":"https:\/\/nvnoticias.mx\/index.php\/wp-json\/wp\/v2\/posts"}],"about":[{"href":"https:\/\/nvnoticias.mx\/index.php\/wp-json\/wp\/v2\/types\/post"}],"author":[{"embeddable":true,"href":"https:\/\/nvnoticias.mx\/index.php\/wp-json\/wp\/v2\/users\/35"}],"replies":[{"embeddable":true,"href":"https:\/\/nvnoticias.mx\/index.php\/wp-json\/wp\/v2\/comments?post=79684"}],"version-history":[{"count":1,"href":"https:\/\/nvnoticias.mx\/index.php\/wp-json\/wp\/v2\/posts\/79684\/revisions"}],"predecessor-version":[{"id":79685,"href":"https:\/\/nvnoticias.mx\/index.php\/wp-json\/wp\/v2\/posts\/79684\/revisions\/79685"}],"wp:featuredmedia":[{"embeddable":true,"href":"https:\/\/nvnoticias.mx\/index.php\/wp-json\/wp\/v2\/media\/59348"}],"wp:attachment":[{"href":"https:\/\/nvnoticias.mx\/index.php\/wp-json\/wp\/v2\/media?parent=79684"}],"wp:term":[{"taxonomy":"category","embeddable":true,"href":"https:\/\/nvnoticias.mx\/index.php\/wp-json\/wp\/v2\/categories?post=79684"},{"taxonomy":"post_tag","embeddable":true,"href":"https:\/\/nvnoticias.mx\/index.php\/wp-json\/wp\/v2\/tags?post=79684"}],"curies":[{"name":"wp","href":"https:\/\/api.w.org\/{rel}","templated":true}]}}