{"id":79528,"date":"2022-10-22T13:46:40","date_gmt":"2022-10-22T18:46:40","guid":{"rendered":"https:\/\/nvnoticias.mx\/?p=79528"},"modified":"2022-10-22T13:46:41","modified_gmt":"2022-10-22T18:46:41","slug":"crisis-de-liderazgos-politicos","status":"publish","type":"post","link":"https:\/\/nvnoticias.mx\/index.php\/2022\/10\/22\/crisis-de-liderazgos-politicos\/","title":{"rendered":"Crisis de liderazgos pol\u00edticos"},"content":{"rendered":"\n<p><strong>Ricardo Homs<\/strong><\/p>\n\n\n\n<p>Estamos viendo una grave crisis de liderazgos pol\u00edticos en todos los niveles.<\/p>\n\n\n\n<p>Esta crisis de liderazgos, -marcada por la ausencia de autoridad moral para imponer la ley y restablecer el orden-, define de modo significativo el fin de toda una \u00e9poca, porque el modelo pol\u00edtico, social y econ\u00f3mico que actualmente tenemos, ya ha caducado.<\/p>\n\n\n\n<p>La globalizaci\u00f3n y las redes sociales perfilaron una nueva era caracterizada por la transparencia y el empoderamiento ciudadano. Sin embargo, ni nuestra clase pol\u00edtica, -ni siquiera nuestro presidente-, se han dado cuenta de la evoluci\u00f3n que migra hacia este nuevo contexto.<\/p>\n\n\n\n<p>Antes quien gobernaba ten\u00eda el control total y absoluto a trav\u00e9s de los instrumentos coercitivos del estado. Hoy Guacamaya Leaks ha mostrado la existencia de actores sociales y pol\u00edticos que desde el \u00e1mbito civil poseen fortaleza para enfrentar al estado y a sus s\u00edmbolos de poder, como son las fuerzas armadas y exhibir su opacidad.<\/p>\n\n\n\n<p>De nada sirve cerrar los ojos y negar que existan actores pol\u00edticos que desde la informalidad est\u00e1n ejerciendo influencia. Desde\u00f1ar su capacidad de movilizaci\u00f3n calific\u00e1ndolos como \u201cpolitiquer\u00edas\u201d significa no comprender a\u00fan los nuevos tiempos que vive nuestro pa\u00eds.<\/p>\n\n\n\n<p>El grave problema de esta crisis es que esos espacios de liderazgo, -que han ido perdiendo quienes hoy gobiernan, y poseen la legitimidad democr\u00e1tica que se deriva de ganar una elecci\u00f3n-, terminan siendo llenados, -u ocupados-, por l\u00edderes informales que surgen desde distintos \u00e1mbitos de la sociedad. \u00c9stos son los l\u00edderes que encabezan los grupos de la delincuencia organizada, -que ya se han convertido en un referente admirado por muchos j\u00f3venes que no encuentran oportunidades de generar \u201cdinero f\u00e1cil\u201d-, que hoy es la tendencia aspiracional y siguen sus pasos, as\u00ed como tambi\u00e9n otros liderazgos informales que llenan esos espacios, como son influencers y youtubers, -que tienen m\u00e1s credibilidad-, que quienes hoy nos gobiernan o hacen pol\u00edtica.<\/p>\n\n\n\n<p>Cuando a base de ret\u00f3rica se pierde la credibilidad y el respeto, -y cualquier frase impactante de quienes gobiernan es tema de \u201cmemes\u201d-, es cuando desde la sociedad empiezan a surgir l\u00edderes ciudadanos que capitalizan a su favor el descr\u00e9dito de los pol\u00edticos insensibles.<\/p>\n\n\n\n<p>Sin embargo, necesitamos diferenciar entre poder y liderazgo, para as\u00ed dimensionar el problema. Se puede ejercer el poder, sin tener liderazgo. Sin embargo, eso suced\u00eda en el pasado, hasta hace pocos a\u00f1os. En contraste, hoy el liderazgo legitima el uso del poder y lo convierte en un instrumento de conciliaci\u00f3n y desarrollo. De otro modo, -sin liderazgo-, ejercer el poder leg\u00edtimamente ganado en las urnas, imponi\u00e9ndolo a trav\u00e9s de los instrumentos del estado, genera conflictos.<\/p>\n\n\n\n<p>Este tema se vuelve relevante a partir de que los partidos pol\u00edticos de oposici\u00f3n hoy empiezan a barajar nombres de militantes prestigiados y candidateables a la presidencia de la rep\u00fablica, los cuales seguramente podr\u00edan tener un gran desempe\u00f1o si llegasen a gobernar el pa\u00eds. El PRI ha mostrado en su lista de precandidatos a grandes personajes que tienen trayectoria, conocimientos y mucha experiencia para gobernar.<\/p>\n\n\n\n<p>Seguramente el PAN MC y el PRD har\u00e1n lo mismo. Propondr\u00e1n a sus mejores hombres y mujeres, a quienes conocemos desde siempre quienes tenemos cercan\u00eda con la actividad pol\u00edtica. Sin<\/p>\n\n\n\n<p>embargo, estos figurones no lograr\u00e1n pasar la prueba del \u201caplaus\u00f3metro\u201d, que es la banalidad en que hoy se ha convertido la pol\u00edtica, a partir del festival de las \u201cocurrencias ma\u00f1aneras\u201d.<\/p>\n\n\n\n<p>Ganar la elecci\u00f3n ser\u00e1 el objetivo inmediato y prerrequisito para gobernar. Para ganar hoy una elecci\u00f3n se requieren liderazgo p\u00fablico, de tipo masivo y adem\u00e1s carisma.<\/p>\n\n\n\n<p>Hasta hoy la oposici\u00f3n tampoco parece haber interpretado correctamente las nuevas tendencias sociales y pol\u00edticas y por tanto, no ofrece nada nuevo.<\/p>\n\n\n\n<p>Por parte de MORENA, los dos punteros, Claudia y Ad\u00e1n, est\u00e1n en las mismas circunstancias. Ambos carecen de liderazgo personal y carisma y las porras que vemos y escuchamos en los noticieros de TV parecen obra de teatro de comedia. La \u00fanica diferencia radica en que quien decidir\u00e1 cu\u00e1l de las corcholatas representar\u00e1 a MORENA en la contienda presidencialista, es quien har\u00e1 campa\u00f1a para ellos y pedir\u00e1 el voto como una extensi\u00f3n de s\u00ed mismo.<\/p>\n\n\n\n<p>Seguramente el presidente L\u00f3pez Obrador se brincar\u00e1 toda la legislaci\u00f3n electoral y har\u00e1 campa\u00f1a para su elegido, acompa\u00f1\u00e1ndolo presencialmente.<\/p>\n\n\n\n<p>Sin embargo, la falta de carisma de las actuales corcholatas morenistas, har\u00e1 ver al elegido, -durante la campa\u00f1a-, como el \u201cconvidado de piedra\u201d, siempre detr\u00e1s de su mentor y no como protagonista, que es el rol que debe ejercer el candidato.<\/p>\n\n\n\n<p>De este modo, -de llegar a la presidencia el candidato morenista-, su vulnerabilidad frente al pa\u00eds ser\u00e1 evidente, -tanto por su falta de liderazgo-, pues este atributo personal no se lo podr\u00e1 heredar el presidente L\u00f3pez Obrador, ya que para obtenerlo es necesario construirlo de modo personal como \u201ctraje a la medida\u201d, como por su ausencia de carisma.<\/p>\n\n\n\n<p>Lo \u00fanico que podr\u00eda cambiar el panorama dentro de MORENA es que el presidente optase por aceptar como abanderado de ese partido a Marcelo o a Ricardo. Sin embargo, esta ser\u00eda su \u00faltima opci\u00f3n frente al peor escenario pol\u00edtico que se le presentase en el futuro.<\/p>\n\n\n\n<p>Precisamente, -para resolver cualquiera de estas dos posibilidades-, es que el presidente se ha preparado dejando a las fuerzas armadas como su albacea o garante: ya sea para apoyar al presidente en turno si fuese una de las corcholatas \u201cleales\u201d, o entonces para vigilar y convertirse en el contrapeso para controlar a Marcelo o Ricardo en caso de insurrecci\u00f3n al proyecto de la 4T -si alguno de estos terminase por ser el presidente impulsado por las bases de MORENA-, o el remoto escenario de que llegase a ganar la pr\u00f3xima elecci\u00f3n la oposici\u00f3n.<\/p>\n\n\n\n<p>Por ello es urgente para M\u00e9xico transitar hacia un nuevo modelo pol\u00edtico, social y econ\u00f3mico, donde se rescate la autoridad moral que nace del liderazgo, pues s\u00f3lo as\u00ed se restituir\u00e1 el orden.<\/p>\n\n\n\n<p>Por tanto, podr\u00edamos concluir que ante la alt\u00edsima posibilidad de que los partidos de la coalici\u00f3n opositora designen a un gran y respetado prospecto, -que ni por casualidad podr\u00e1 conectar con las bases sociales que hoy son el m\u00fasculo de MORENA-, es necesario que hagamos presi\u00f3n desde la sociedad civil para que la coalici\u00f3n opositora opte por un candidato ciudadano joven y carism\u00e1tico, con solidez moral y reputaci\u00f3n intachable, que represente la actitud de cambio que hoy exige la sociedad.<\/p>\n\n\n\n<p>El ejemplo de este nuevo liderazgo, y el nuevo contexto, nos lo da Volodimir Zelensky, -presidente de Ucrania-, quien asumi\u00f3 el cargo con s\u00f3lo 41 a\u00f1os y sin haber ejercido anteriormente ning\u00fan cargo p\u00fablico ni haber desarrollado actividad pol\u00edtica.<\/p>\n\n\n\n<p>Con base en su carisma ha logrado enfrentar a un pol\u00edtico de larga experiencia acumulada a lo largo de sus 70 a\u00f1os de edad, -como lo es Vladimir Putin-, presidente de Rusia.<\/p>\n\n\n\n<p>Zelensky logr\u00f3 redimensionar a un conflicto militar regional, -casi un pleito de familia-, hasta convertirlo en una confrontaci\u00f3n global, que ha involucrado a la poderosa OTAN, el tratado pol\u00edtico y militar del que participan Estados Unidos y casi todos los pa\u00edses europeos. Sus presentaciones virtuales en la ONU y otros organismos internacionales fueron determinantes para obtener apoyos.<\/p>\n\n\n\n<p>Hoy Zelensky representa el perfil de los nuevos l\u00edderes de esta era caracterizada por la globalizaci\u00f3n, la utilizaci\u00f3n de las redes sociales, lo cual se combina con su juventud, el carisma y una poderosa causa que liderar, como lo es la defensa de su pa\u00eds respecto de la invasi\u00f3n rusa.<\/p>\n\n\n\n<p>EL FIN DE LAS REPUTACIONES<\/p>\n\n\n\n<p>Guacamaya Leaks se est\u00e1 convirtiendo en el \u00edcono de este fen\u00f3meno de crisis de liderazgos, pues est\u00e1 destrozando reputaciones y autoridad moral de quienes hoy detentan el poder pol\u00edtico y gubernamental, lo cual, dif\u00edcilmente podr\u00e1 rescatarse.<\/p>\n\n\n\n<p>Despu\u00e9s de esta crisis tendremos que esperar el surgimiento de nuevos protagonistas pol\u00edticos, que vengan a rescatar la autoridad moral del gobierno y ganarse el respeto de la ciudadan\u00eda.<\/p>\n\n\n\n<p>Definitivamente, en pol\u00edtica no hay nada seguro y el surgimiento de Guacamaya Leaks, -que emergi\u00f3 de las profundidades invisibles de la Web-, lo confirma.<\/p>\n\n\n\n<p>La propuesta presentada a la ONU pareci\u00f3 m\u00e1s una postura para dar un mensaje de liderazgo al mundo, que un planteamiento serio.<\/p>\n\n\n\n<p>\u00bfDe qu\u00e9 lado est\u00e1 M\u00e9xico\u2026 de la paz o de la guerra?<\/p>\n\n\n\n<p>No hay forma m\u00e1s efectiva de frenar una guerra, que desacreditar al agresor\u2026 lo dem\u00e1s es demagogia.<\/p>\n\n\n\n<p>\u00bfA usted qu\u00e9 le parece?<\/p>\n\n\n\n<p>Facebook: @Ricardo.Homs1<\/p>\n\n\n\n<p>Twitter: @homsricardo<\/p>\n\n\n\n<p>Linkedin: Ricardo Homs<\/p>\n\n\n\n<p>www.ricardohoms.com<\/p>\n","protected":false},"excerpt":{"rendered":"<p>Ricardo Homs Estamos viendo una grave crisis de liderazgos pol\u00edticos en todos los niveles. Esta crisis de liderazgos, -marcada por la ausencia de autoridad moral para imponer la ley y restablecer el orden-, define de modo significativo el fin de toda una \u00e9poca, porque el modelo pol\u00edtico, social y econ\u00f3mico que actualmente tenemos, ya ha [&hellip;]<\/p>\n","protected":false},"author":18,"featured_media":79529,"comment_status":"open","ping_status":"open","sticky":false,"template":"","format":"standard","meta":{"_monsterinsights_skip_tracking":false,"_monsterinsights_sitenote_active":false,"_monsterinsights_sitenote_note":"","_monsterinsights_sitenote_category":0,"footnotes":""},"categories":[246],"tags":[173],"class_list":["post-79528","post","type-post","status-publish","format-standard","has-post-thumbnail","hentry","category-ricardo-homs","tag-ricardo-homs","wp-image-borders"],"amp_enabled":true,"_links":{"self":[{"href":"https:\/\/nvnoticias.mx\/index.php\/wp-json\/wp\/v2\/posts\/79528","targetHints":{"allow":["GET"]}}],"collection":[{"href":"https:\/\/nvnoticias.mx\/index.php\/wp-json\/wp\/v2\/posts"}],"about":[{"href":"https:\/\/nvnoticias.mx\/index.php\/wp-json\/wp\/v2\/types\/post"}],"author":[{"embeddable":true,"href":"https:\/\/nvnoticias.mx\/index.php\/wp-json\/wp\/v2\/users\/18"}],"replies":[{"embeddable":true,"href":"https:\/\/nvnoticias.mx\/index.php\/wp-json\/wp\/v2\/comments?post=79528"}],"version-history":[{"count":1,"href":"https:\/\/nvnoticias.mx\/index.php\/wp-json\/wp\/v2\/posts\/79528\/revisions"}],"predecessor-version":[{"id":79530,"href":"https:\/\/nvnoticias.mx\/index.php\/wp-json\/wp\/v2\/posts\/79528\/revisions\/79530"}],"wp:featuredmedia":[{"embeddable":true,"href":"https:\/\/nvnoticias.mx\/index.php\/wp-json\/wp\/v2\/media\/79529"}],"wp:attachment":[{"href":"https:\/\/nvnoticias.mx\/index.php\/wp-json\/wp\/v2\/media?parent=79528"}],"wp:term":[{"taxonomy":"category","embeddable":true,"href":"https:\/\/nvnoticias.mx\/index.php\/wp-json\/wp\/v2\/categories?post=79528"},{"taxonomy":"post_tag","embeddable":true,"href":"https:\/\/nvnoticias.mx\/index.php\/wp-json\/wp\/v2\/tags?post=79528"}],"curies":[{"name":"wp","href":"https:\/\/api.w.org\/{rel}","templated":true}]}}