{"id":7952,"date":"2021-03-17T12:12:30","date_gmt":"2021-03-17T18:12:30","guid":{"rendered":"https:\/\/nvnoticias.mx\/?p=7952"},"modified":"2021-03-17T12:12:31","modified_gmt":"2021-03-17T18:12:31","slug":"turistas-pueden-arribar-a-las-playas-pero-con-orden","status":"publish","type":"post","link":"https:\/\/nvnoticias.mx\/index.php\/2021\/03\/17\/turistas-pueden-arribar-a-las-playas-pero-con-orden\/","title":{"rendered":"Turistas pueden arribar a las playas, pero con orden"},"content":{"rendered":"\n<p><strong>Jes\u00fas Utrilla \/ NV Noticias<\/strong><\/p>\n\n\n\n<p>Veracruz.- El Ayuntamiento de Veracruz solicit\u00f3 a la Federaci\u00f3n poner orden en las playas para seguir recibiendo ba\u00f1istas con un m\u00ednimo riesgo de contagiarse de coronavirus.<\/p>\n\n\n\n<p>El alcalde Fernando Yunes M\u00e1rquez, dijo que se debe tener un equilibrio entre lo econ\u00f3mico y la salud, es decir, que los palaperos contin\u00faen trabajando pero garantizando que se respetar\u00e1n los protocolos sanitarios.<\/p>\n\n\n\n<blockquote class=\"wp-block-quote is-layout-flow wp-block-quote-is-layout-flow\"><p>\u201cYa lo solicitamos una vez m\u00e1s, pero no hay respuesta. Yo creo que debemos tener equilibrio entre econom\u00eda y salud, sabemos que muchas personas de las que trabajan en la playa este fin de semana recuperaron un poco econ\u00f3micamente hablando Y debemos ver la manera de que haya orden y se respete la medida de sana distancia e higiene para que la genere pueda trabajar\u201d.<\/p><\/blockquote>\n\n\n\n<p>Por otro lado coment\u00f3 que el Antimonumento (Antimonumenta) que colocaron feministas en Plaza de la Soberan\u00eda, no se mover\u00e1 hasta establecer acuerdos.<\/p>\n\n\n\n<p>El presidente municipal de Veracruz dijo que existen dos propuestas de reubicaci\u00f3n, una es al final del bulevar Manuel \u00c1vila Camacho y la otra la avenida Miguel Alem\u00e1n esquina Bolivar.<\/p>\n\n\n\n<p>Sin embargo, al momento ninguna de las dos ha sido aceptada por los grupos feministas, quienes insisten en que la estructura debe permanecer donde se ubica el asta bandera.<\/p>\n\n\n\n<p>Sobre las agresiones que se cometieron contra las oficinas del Grupo Metropolitano de Agua y Saneamiento, dijo que deber\u00e1 ser la propia empresa la que presente las denuncias correspondientes, pues no es un edificio municipal.<\/p>\n\n\n\n<p>Consider\u00f3 que el tema comienza a politizarse.<\/p>\n\n\n\n<p>Tambi\u00e9n precis\u00f3 que consultar\u00e1n con el Organismo P\u00fablico Local Electoral si durante el periodo de campa\u00f1as pueden mantener la realizaci\u00f3n del Mi\u00e9rcoles Ciudadano Virtual.<\/p>\n\n\n\n<p>Y es que la veda electoral comienza el 3 de abril.<\/p>\n","protected":false},"excerpt":{"rendered":"<p>Jes\u00fas Utrilla \/ NV Noticias Veracruz.- El Ayuntamiento de Veracruz solicit\u00f3 a la Federaci\u00f3n poner orden en las playas para seguir recibiendo ba\u00f1istas con un m\u00ednimo riesgo de contagiarse de coronavirus. El alcalde Fernando Yunes M\u00e1rquez, dijo que se debe tener un equilibrio entre lo econ\u00f3mico y la salud, es decir, que los palaperos contin\u00faen [&hellip;]<\/p>\n","protected":false},"author":6,"featured_media":1564,"comment_status":"open","ping_status":"open","sticky":false,"template":"","format":"standard","meta":{"_monsterinsights_skip_tracking":false,"_monsterinsights_sitenote_active":false,"_monsterinsights_sitenote_note":"","_monsterinsights_sitenote_category":0,"footnotes":""},"categories":[154],"tags":[1185,2148,180],"class_list":["post-7952","post","type-post","status-publish","format-standard","has-post-thumbnail","hentry","category-veracruz","tag-fernando-yunes-marquez","tag-playas","tag-veracruz","wp-image-borders"],"amp_enabled":true,"_links":{"self":[{"href":"https:\/\/nvnoticias.mx\/index.php\/wp-json\/wp\/v2\/posts\/7952","targetHints":{"allow":["GET"]}}],"collection":[{"href":"https:\/\/nvnoticias.mx\/index.php\/wp-json\/wp\/v2\/posts"}],"about":[{"href":"https:\/\/nvnoticias.mx\/index.php\/wp-json\/wp\/v2\/types\/post"}],"author":[{"embeddable":true,"href":"https:\/\/nvnoticias.mx\/index.php\/wp-json\/wp\/v2\/users\/6"}],"replies":[{"embeddable":true,"href":"https:\/\/nvnoticias.mx\/index.php\/wp-json\/wp\/v2\/comments?post=7952"}],"version-history":[{"count":1,"href":"https:\/\/nvnoticias.mx\/index.php\/wp-json\/wp\/v2\/posts\/7952\/revisions"}],"predecessor-version":[{"id":7954,"href":"https:\/\/nvnoticias.mx\/index.php\/wp-json\/wp\/v2\/posts\/7952\/revisions\/7954"}],"wp:featuredmedia":[{"embeddable":true,"href":"https:\/\/nvnoticias.mx\/index.php\/wp-json\/wp\/v2\/media\/1564"}],"wp:attachment":[{"href":"https:\/\/nvnoticias.mx\/index.php\/wp-json\/wp\/v2\/media?parent=7952"}],"wp:term":[{"taxonomy":"category","embeddable":true,"href":"https:\/\/nvnoticias.mx\/index.php\/wp-json\/wp\/v2\/categories?post=7952"},{"taxonomy":"post_tag","embeddable":true,"href":"https:\/\/nvnoticias.mx\/index.php\/wp-json\/wp\/v2\/tags?post=7952"}],"curies":[{"name":"wp","href":"https:\/\/api.w.org\/{rel}","templated":true}]}}