{"id":79516,"date":"2022-10-22T13:11:40","date_gmt":"2022-10-22T18:11:40","guid":{"rendered":"https:\/\/nvnoticias.mx\/?p=79516"},"modified":"2022-10-22T13:11:41","modified_gmt":"2022-10-22T18:11:41","slug":"de-enero-a-septiembre-la-aduana-de-veracruz-recaudo-86-mmdp","status":"publish","type":"post","link":"https:\/\/nvnoticias.mx\/index.php\/2022\/10\/22\/de-enero-a-septiembre-la-aduana-de-veracruz-recaudo-86-mmdp\/","title":{"rendered":"De enero a septiembre la Aduana de Veracruz recaud\u00f3 86 mmdp"},"content":{"rendered":"\n<p><strong>Jes\u00fas Utrilla \/ NV Noticias<\/strong><\/p>\n\n\n\n<p>Se implement\u00f3 un horario extra para agilizar el despacho aduanero en el Puerto de Veracruz y evitar largas filas, como hace algunas semanas, inform\u00f3 Citlalli Navarro del Rosario, directora general de Planeaci\u00f3n Aduanera.<\/p>\n\n\n\n<p>Rechaz\u00f3 que exista saturaci\u00f3n en la Aduana de Veracruz, pues el despacho est\u00e1 tardando cerca de tres horas.<\/p>\n\n\n\n<p>Adem\u00e1s desde hace un mes la Direcci\u00f3n General de Planeaci\u00f3n Aduanera implement\u00f3 estrategias para agilizar las operaciones de despacho aduanero.<\/p>\n\n\n\n<p>Por la importancia de Veracruz se tiene mayor tr\u00e1fico de comercio exterior, sin embargo, se est\u00e1n tomando mejores decisiones administrativas para resolver las largas filas.<\/p>\n\n\n\n<blockquote class=\"wp-block-quote is-layout-flow wp-block-quote-is-layout-flow\"><p>\u201c<em>Se est\u00e1 en proceso de reacomodo y administraci\u00f3n de tiempos. Se est\u00e1 despachando con horarios extras para que no se generen largas filas y se sature la aduana de Veracruz<\/em>\u201d.\u00a0<\/p><\/blockquote>\n\n\n\n<p>Por otro lado dijo que la recaudaci\u00f3n aduanera en el pa\u00eds fue de 820 mil millones de pesos de enero a septiembre, es decir, 11 por ciento m\u00e1s que el a\u00f1o pasado.<\/p>\n\n\n\n<p>Explic\u00f3 que de las 50 aduanas del pa\u00eds Veracruz es la tercera en importancia al recaudar 86 mil millones de pesos durante el periodo mencionado.<\/p>\n\n\n\n<p>Asever\u00f3 que la Aduana de Veracruz se ver\u00e1 beneficiada con la recaudaci\u00f3n del Derecho de Tr\u00e1mite Aduanero (DTA) con las inversiones del sur- sureste.<\/p>\n\n\n\n<blockquote class=\"wp-block-quote is-layout-flow wp-block-quote-is-layout-flow\"><p>\u201c<em>En el caso de la Aduana de Veracruz que es una aduana mar\u00edtima, el fideicomiso pasa a ser administrado por la Secretar\u00eda de Marina y ellos tienen una gran inversi\u00f3n sobre todo en materia tecnol\u00f3gica<\/em>\u201d.\u00a0<\/p><\/blockquote>\n","protected":false},"excerpt":{"rendered":"<p>Jes\u00fas Utrilla \/ NV Noticias Se implement\u00f3 un horario extra para agilizar el despacho aduanero en el Puerto de Veracruz y evitar largas filas, como hace algunas semanas, inform\u00f3 Citlalli Navarro del Rosario, directora general de Planeaci\u00f3n Aduanera. Rechaz\u00f3 que exista saturaci\u00f3n en la Aduana de Veracruz, pues el despacho est\u00e1 tardando cerca de tres [&hellip;]<\/p>\n","protected":false},"author":8,"featured_media":79517,"comment_status":"open","ping_status":"open","sticky":false,"template":"","format":"standard","meta":{"_monsterinsights_skip_tracking":false,"_monsterinsights_sitenote_active":false,"_monsterinsights_sitenote_note":"","_monsterinsights_sitenote_category":0,"footnotes":""},"categories":[154],"tags":[20148],"class_list":["post-79516","post","type-post","status-publish","format-standard","has-post-thumbnail","hentry","category-veracruz","tag-aduana-del-puerto-de-veracruz","wp-image-borders"],"amp_enabled":true,"_links":{"self":[{"href":"https:\/\/nvnoticias.mx\/index.php\/wp-json\/wp\/v2\/posts\/79516","targetHints":{"allow":["GET"]}}],"collection":[{"href":"https:\/\/nvnoticias.mx\/index.php\/wp-json\/wp\/v2\/posts"}],"about":[{"href":"https:\/\/nvnoticias.mx\/index.php\/wp-json\/wp\/v2\/types\/post"}],"author":[{"embeddable":true,"href":"https:\/\/nvnoticias.mx\/index.php\/wp-json\/wp\/v2\/users\/8"}],"replies":[{"embeddable":true,"href":"https:\/\/nvnoticias.mx\/index.php\/wp-json\/wp\/v2\/comments?post=79516"}],"version-history":[{"count":1,"href":"https:\/\/nvnoticias.mx\/index.php\/wp-json\/wp\/v2\/posts\/79516\/revisions"}],"predecessor-version":[{"id":79518,"href":"https:\/\/nvnoticias.mx\/index.php\/wp-json\/wp\/v2\/posts\/79516\/revisions\/79518"}],"wp:featuredmedia":[{"embeddable":true,"href":"https:\/\/nvnoticias.mx\/index.php\/wp-json\/wp\/v2\/media\/79517"}],"wp:attachment":[{"href":"https:\/\/nvnoticias.mx\/index.php\/wp-json\/wp\/v2\/media?parent=79516"}],"wp:term":[{"taxonomy":"category","embeddable":true,"href":"https:\/\/nvnoticias.mx\/index.php\/wp-json\/wp\/v2\/categories?post=79516"},{"taxonomy":"post_tag","embeddable":true,"href":"https:\/\/nvnoticias.mx\/index.php\/wp-json\/wp\/v2\/tags?post=79516"}],"curies":[{"name":"wp","href":"https:\/\/api.w.org\/{rel}","templated":true}]}}