{"id":79513,"date":"2022-10-22T13:08:00","date_gmt":"2022-10-22T18:08:00","guid":{"rendered":"https:\/\/nvnoticias.mx\/?p=79513"},"modified":"2022-10-22T13:08:02","modified_gmt":"2022-10-22T18:08:02","slug":"america-sub-18-es-campeon-de-la-liga-mx","status":"publish","type":"post","link":"https:\/\/nvnoticias.mx\/index.php\/2022\/10\/22\/america-sub-18-es-campeon-de-la-liga-mx\/","title":{"rendered":"Am\u00e9rica Sub-18 es campe\u00f3n de la Liga MX"},"content":{"rendered":"\n<p>Las \u00c1guilas del Am\u00e9rica se coronaron campeones de la Liga MX de la categor\u00eda Sub-18 al vencer a los Tuzos de Pachuca en la gran final.<\/p>\n\n\n\n<p>El juego de vuelta lo ganaron los Tuzos 2-0, sin embargo el marcador global, fue para el Am\u00e9rica 5-4, y con esto levantan el t\u00edtulo de la categor\u00eda.<\/p>\n\n\n\n<figure class=\"wp-block-embed aligncenter is-type-rich is-provider-twitter wp-block-embed-twitter\"><div class=\"wp-block-embed__wrapper\">\n<blockquote class=\"twitter-tweet\" data-width=\"550\" data-dnt=\"true\"><p lang=\"es\" dir=\"ltr\"><a href=\"https:\/\/twitter.com\/hashtag\/Sub18?src=hash&amp;ref_src=twsrc%5Etfw\">#Sub18<\/a> | \u00a1????????\u00c9???????????????? ????????????????????\u00d3????!<br><br>????????????????????-????????????????????????<br>Pachuca 2-0 Am\u00e9rica (4-5)<a href=\"https:\/\/twitter.com\/hashtag\/%C3%81guilasDesdeLaCuna?src=hash&amp;ref_src=twsrc%5Etfw\">#\u00c1guilasDesdeLaCuna<\/a> ???? <a href=\"https:\/\/t.co\/YvXPSQk2iG\">pic.twitter.com\/YvXPSQk2iG<\/a><\/p>&mdash; Club Am\u00e9rica Fuerzas B\u00e1sicas (@America_FB) <a href=\"https:\/\/twitter.com\/America_FB\/status\/1583864941207248896?ref_src=twsrc%5Etfw\">October 22, 2022<\/a><\/blockquote><script async src=\"https:\/\/platform.twitter.com\/widgets.js\" charset=\"utf-8\"><\/script>\n<\/div><\/figure>\n\n\n\n<p>Este equipo es dirigido por el veracruzano Daniel Ruiz Robinson, quien form\u00f3 parte de los Tiburones Rojos de Veracruz en las fuerzas b\u00e1sicas como arquero.<\/p>\n","protected":false},"excerpt":{"rendered":"<p>Las \u00c1guilas del Am\u00e9rica se coronaron campeones de la Liga MX de la categor\u00eda Sub-18 al vencer a los Tuzos de Pachuca en la gran final. El juego de vuelta lo ganaron los Tuzos 2-0, sin embargo el marcador global, fue para el Am\u00e9rica 5-4, y con esto levantan el t\u00edtulo de la categor\u00eda. Este [&hellip;]<\/p>\n","protected":false},"author":8,"featured_media":79514,"comment_status":"open","ping_status":"open","sticky":false,"template":"","format":"standard","meta":{"_monsterinsights_skip_tracking":false,"_monsterinsights_sitenote_active":false,"_monsterinsights_sitenote_note":"","_monsterinsights_sitenote_category":0,"footnotes":""},"categories":[159],"tags":[20450,1590,917],"class_list":["post-79513","post","type-post","status-publish","format-standard","has-post-thumbnail","hentry","category-deportes","tag-america-sub-18","tag-campeon","tag-liga-mx","wp-image-borders"],"amp_enabled":true,"_links":{"self":[{"href":"https:\/\/nvnoticias.mx\/index.php\/wp-json\/wp\/v2\/posts\/79513","targetHints":{"allow":["GET"]}}],"collection":[{"href":"https:\/\/nvnoticias.mx\/index.php\/wp-json\/wp\/v2\/posts"}],"about":[{"href":"https:\/\/nvnoticias.mx\/index.php\/wp-json\/wp\/v2\/types\/post"}],"author":[{"embeddable":true,"href":"https:\/\/nvnoticias.mx\/index.php\/wp-json\/wp\/v2\/users\/8"}],"replies":[{"embeddable":true,"href":"https:\/\/nvnoticias.mx\/index.php\/wp-json\/wp\/v2\/comments?post=79513"}],"version-history":[{"count":1,"href":"https:\/\/nvnoticias.mx\/index.php\/wp-json\/wp\/v2\/posts\/79513\/revisions"}],"predecessor-version":[{"id":79515,"href":"https:\/\/nvnoticias.mx\/index.php\/wp-json\/wp\/v2\/posts\/79513\/revisions\/79515"}],"wp:featuredmedia":[{"embeddable":true,"href":"https:\/\/nvnoticias.mx\/index.php\/wp-json\/wp\/v2\/media\/79514"}],"wp:attachment":[{"href":"https:\/\/nvnoticias.mx\/index.php\/wp-json\/wp\/v2\/media?parent=79513"}],"wp:term":[{"taxonomy":"category","embeddable":true,"href":"https:\/\/nvnoticias.mx\/index.php\/wp-json\/wp\/v2\/categories?post=79513"},{"taxonomy":"post_tag","embeddable":true,"href":"https:\/\/nvnoticias.mx\/index.php\/wp-json\/wp\/v2\/tags?post=79513"}],"curies":[{"name":"wp","href":"https:\/\/api.w.org\/{rel}","templated":true}]}}