{"id":79507,"date":"2022-10-22T12:48:23","date_gmt":"2022-10-22T17:48:23","guid":{"rendered":"https:\/\/nvnoticias.mx\/?p=79507"},"modified":"2022-10-22T12:48:24","modified_gmt":"2022-10-22T17:48:24","slug":"cae-aeronave-en-mar-de-costa-rica-viajaban-alemanes-desde-mexico","status":"publish","type":"post","link":"https:\/\/nvnoticias.mx\/index.php\/2022\/10\/22\/cae-aeronave-en-mar-de-costa-rica-viajaban-alemanes-desde-mexico\/","title":{"rendered":"Cae aeronave en mar de Costa Rica; viajaban alemanes desde M\u00e9xico"},"content":{"rendered":"\n<p>En aguas del mar caribe, autoridades de Costa Rica localizaron los restos que podr\u00edan ser de una aeronave accidentada con cinco tripulantes de nacionalidad alemana el viernes que sali\u00f3 de M\u00e9xico, donde hasta ahora no se reportan sobrevivientes, inform\u00f3 el\u00a0viceministro de Seguridad P\u00fablica, Mart\u00edn Arias. <\/p>\n\n\n\n<blockquote class=\"wp-block-quote is-layout-flow wp-block-quote-is-layout-flow\"><p>&#8220;<em>A las 05:50 de la ma\u00f1ana (11H50 GMT), a 28 kil\u00f3metros frente al aeropuerto&#8221; de la provincia oriental &#8220;de Lim\u00f3n, en el mar, fueron localizados restos que aparentemente nos indican que es la aeronave<\/em>&#8221; reportada desaparecida el viernes, dijo Arias en un video divulgado por el Ministerio de Seguridad. <\/p><\/blockquote>\n\n\n\n<blockquote class=\"wp-block-quote is-layout-flow wp-block-quote-is-layout-flow\"><p>&#8220;<em>Por el momento no tenemos localizados cuerpos con vida o sin vida de los posibles tripulantes<\/em>&#8220;, agreg\u00f3 el funcionario. <\/p><\/blockquote>\n\n\n\n<p>El avi\u00f3n, que despeg\u00f3 de M\u00e9xico, perdi\u00f3 contacto con la torre de control de Costa Rica hacia las 18:00 horas del viernes (00H00 GMT), cerca de la Barra de Parismina, en Lim\u00f3n, declar\u00f3 el viernes el ministro de Seguridad P\u00fablica, Jorge Torres. <\/p>\n\n\n\n<p>Seg\u00fan la prensa costarricense, el avi\u00f3n privado es tipo jet y sali\u00f3 de una terminal \u00e1rea desde el estado mexicano de Chiapas (sur). <\/p>\n\n\n\n<p>La b\u00fasqueda del avi\u00f3n inici\u00f3 tras la alerta de desaparici\u00f3n, pero luego de unas horas fue suspendida debido a la noche y al &#8220;mal tiempo&#8221;, dijo Torres. <\/p>\n\n\n\n<p>Arias indic\u00f3 que el operativo de rescate se reinici\u00f3 a las 05:00 hora local del s\u00e1bado con participaci\u00f3n de embarcaciones del Servicio Nacional de Guardacostas y aeronaves del Servicio de Vigilancia A\u00e9rea, entre otras instituciones. <\/p>\n\n\n\n<p>En el aeropuerto de Lim\u00f3n se instal\u00f3 un puesto de comando donde participan rescatistas de la Cruz Roja Costarricense y Bomberos. <\/p>\n\n\n\n<p>Los tripulantes son identificados como Lips, piloto de nacionalidad Suiza, de 66 a\u00f1os;\u00a0Schaller, masculino de 53 a\u00f1os;\u00a0Schikorsky, mujer de 44 a\u00f1os; Kurreck, masculino de 40 a\u00f1os, a\u00a0ellos se suman dos personas menores de edad y todos, a excepci\u00f3n del piloto, son de nacionalidad alemana. <\/p>\n\n\n\n<p>Fuente: <a href=\"https:\/\/www.milenio.com\/internacional\/hallan-restos-de-aeronave-que-salio-mexico-en-mar-de-costa-rica\">Milenio<\/a><\/p>\n","protected":false},"excerpt":{"rendered":"<p>En aguas del mar caribe, autoridades de Costa Rica localizaron los restos que podr\u00edan ser de una aeronave accidentada con cinco tripulantes de nacionalidad alemana el viernes que sali\u00f3 de M\u00e9xico, donde hasta ahora no se reportan sobrevivientes, inform\u00f3 el\u00a0viceministro de Seguridad P\u00fablica, Mart\u00edn Arias. &#8220;A las 05:50 de la ma\u00f1ana (11H50 GMT), a 28 [&hellip;]<\/p>\n","protected":false},"author":8,"featured_media":79508,"comment_status":"open","ping_status":"open","sticky":false,"template":"","format":"standard","meta":{"_monsterinsights_skip_tracking":false,"_monsterinsights_sitenote_active":false,"_monsterinsights_sitenote_note":"","_monsterinsights_sitenote_category":0,"footnotes":""},"categories":[181],"tags":[1596,2455],"class_list":["post-79507","post","type-post","status-publish","format-standard","has-post-thumbnail","hentry","category-internacional","tag-aeronave","tag-costa-rica","wp-image-borders"],"amp_enabled":true,"_links":{"self":[{"href":"https:\/\/nvnoticias.mx\/index.php\/wp-json\/wp\/v2\/posts\/79507","targetHints":{"allow":["GET"]}}],"collection":[{"href":"https:\/\/nvnoticias.mx\/index.php\/wp-json\/wp\/v2\/posts"}],"about":[{"href":"https:\/\/nvnoticias.mx\/index.php\/wp-json\/wp\/v2\/types\/post"}],"author":[{"embeddable":true,"href":"https:\/\/nvnoticias.mx\/index.php\/wp-json\/wp\/v2\/users\/8"}],"replies":[{"embeddable":true,"href":"https:\/\/nvnoticias.mx\/index.php\/wp-json\/wp\/v2\/comments?post=79507"}],"version-history":[{"count":1,"href":"https:\/\/nvnoticias.mx\/index.php\/wp-json\/wp\/v2\/posts\/79507\/revisions"}],"predecessor-version":[{"id":79509,"href":"https:\/\/nvnoticias.mx\/index.php\/wp-json\/wp\/v2\/posts\/79507\/revisions\/79509"}],"wp:featuredmedia":[{"embeddable":true,"href":"https:\/\/nvnoticias.mx\/index.php\/wp-json\/wp\/v2\/media\/79508"}],"wp:attachment":[{"href":"https:\/\/nvnoticias.mx\/index.php\/wp-json\/wp\/v2\/media?parent=79507"}],"wp:term":[{"taxonomy":"category","embeddable":true,"href":"https:\/\/nvnoticias.mx\/index.php\/wp-json\/wp\/v2\/categories?post=79507"},{"taxonomy":"post_tag","embeddable":true,"href":"https:\/\/nvnoticias.mx\/index.php\/wp-json\/wp\/v2\/tags?post=79507"}],"curies":[{"name":"wp","href":"https:\/\/api.w.org\/{rel}","templated":true}]}}