{"id":79493,"date":"2022-10-22T10:17:09","date_gmt":"2022-10-22T15:17:09","guid":{"rendered":"https:\/\/nvnoticias.mx\/?p=79493"},"modified":"2022-10-22T10:17:11","modified_gmt":"2022-10-22T15:17:11","slug":"papa-de-shakira-es-hospitalizado-de-nuevo","status":"publish","type":"post","link":"https:\/\/nvnoticias.mx\/index.php\/2022\/10\/22\/papa-de-shakira-es-hospitalizado-de-nuevo\/","title":{"rendered":"Pap\u00e1 de Shakira es hospitalizado de nuevo"},"content":{"rendered":"\n<p>Recientemente\u00a0Shakira estren\u00f3 Monoton\u00eda, su nueva canci\u00f3n en la que muchos aseguran que el video musical tiene referencias hacia Gerard Piqu\u00e9 y aunque el tema es todo un \u00e9xito, todo indica que la cantante no est\u00e1 pasando por un buen momento en su vida personal no s\u00f3lo por su ruptura con el futbolista, sino que su padre, William Mebarak, estar\u00eda de nuevo en el hospital. <\/p>\n\n\n\n<p>De acuerdo con medios espa\u00f1oles el escritor William Mebarak habr\u00eda sido hospitalizado de nueva cuenta esto a unos meses que sufriera una fuerte ca\u00edda y tuviera que ser operado por unos co\u00e1gulos que se le formaron en el cerebro. <\/p>\n\n\n\n<p>De acuerdo con El Peri\u00f3dico de Catalunya, el papa de Shakira se encuentra hospitalizado en el centro m\u00e9dico de Teknon en Barcelona y hasta el momento se desconoce la raz\u00f3n por la que se encuentra en este lugar. <\/p>\n\n\n\n<p>El medio Mamarazzis menciona que desde hace varios d\u00edas se ha visto a Shakira en este hospital, por lo que su padre llevar\u00eda ya tiempo internado aparentemente por un deterioro en su salud agravado. <\/p>\n\n\n\n<p>Mamarazzis cuenta que la esposa de William Mebarak, Nidia Ripoll, y sus hijos, entre ellos Shakira, han estado al pendiente del escritor y no se han separado de \u00e9l. <\/p>\n\n\n\n<h4 class=\"wp-block-heading\">El accidente del padre de Shakira que lo mand\u00f3 al hospital <\/h4>\n\n\n\n<p>A finales de mayo de este a\u00f1o se inform\u00f3 que el pap\u00e1 de Shakira hab\u00eda sufrido una ca\u00edda y que lo llevaron al hospital para atenderlo. A pocos d\u00edas de haber sido dado de alta tuvo que ingresar de nuevo al nosocomio para una cirug\u00eda debido a que le encontraron co\u00e1gulos en el cerebro por el golpe que recibi\u00f3 tras el incidente. <\/p>\n\n\n\n<p>En sus redes sociales, Shakira comparti\u00f3 fotos y videos de su padre en donde ella le demostraba su amor e incluso lo cuidaba y estaba con \u00e9l en sus terapias. <\/p>\n\n\n\n<p>Fuente: <a href=\"https:\/\/www.milenio.com\/espectaculos\/famosos\/papa-de-shakira-esta-hospitalizado-de-nuevo\">Milenio<\/a><\/p>\n","protected":false},"excerpt":{"rendered":"<p>Recientemente\u00a0Shakira estren\u00f3 Monoton\u00eda, su nueva canci\u00f3n en la que muchos aseguran que el video musical tiene referencias hacia Gerard Piqu\u00e9 y aunque el tema es todo un \u00e9xito, todo indica que la cantante no est\u00e1 pasando por un buen momento en su vida personal no s\u00f3lo por su ruptura con el futbolista, sino que su [&hellip;]<\/p>\n","protected":false},"author":8,"featured_media":79494,"comment_status":"open","ping_status":"open","sticky":false,"template":"","format":"standard","meta":{"_monsterinsights_skip_tracking":false,"_monsterinsights_sitenote_active":false,"_monsterinsights_sitenote_note":"","_monsterinsights_sitenote_category":0,"footnotes":""},"categories":[576],"tags":[15601,20446],"class_list":["post-79493","post","type-post","status-publish","format-standard","has-post-thumbnail","hentry","category-ocio","tag-shakira","tag-william-mebarak","wp-image-borders"],"amp_enabled":true,"_links":{"self":[{"href":"https:\/\/nvnoticias.mx\/index.php\/wp-json\/wp\/v2\/posts\/79493","targetHints":{"allow":["GET"]}}],"collection":[{"href":"https:\/\/nvnoticias.mx\/index.php\/wp-json\/wp\/v2\/posts"}],"about":[{"href":"https:\/\/nvnoticias.mx\/index.php\/wp-json\/wp\/v2\/types\/post"}],"author":[{"embeddable":true,"href":"https:\/\/nvnoticias.mx\/index.php\/wp-json\/wp\/v2\/users\/8"}],"replies":[{"embeddable":true,"href":"https:\/\/nvnoticias.mx\/index.php\/wp-json\/wp\/v2\/comments?post=79493"}],"version-history":[{"count":1,"href":"https:\/\/nvnoticias.mx\/index.php\/wp-json\/wp\/v2\/posts\/79493\/revisions"}],"predecessor-version":[{"id":79495,"href":"https:\/\/nvnoticias.mx\/index.php\/wp-json\/wp\/v2\/posts\/79493\/revisions\/79495"}],"wp:featuredmedia":[{"embeddable":true,"href":"https:\/\/nvnoticias.mx\/index.php\/wp-json\/wp\/v2\/media\/79494"}],"wp:attachment":[{"href":"https:\/\/nvnoticias.mx\/index.php\/wp-json\/wp\/v2\/media?parent=79493"}],"wp:term":[{"taxonomy":"category","embeddable":true,"href":"https:\/\/nvnoticias.mx\/index.php\/wp-json\/wp\/v2\/categories?post=79493"},{"taxonomy":"post_tag","embeddable":true,"href":"https:\/\/nvnoticias.mx\/index.php\/wp-json\/wp\/v2\/tags?post=79493"}],"curies":[{"name":"wp","href":"https:\/\/api.w.org\/{rel}","templated":true}]}}