{"id":79446,"date":"2022-10-21T15:25:00","date_gmt":"2022-10-21T20:25:00","guid":{"rendered":"https:\/\/nvnoticias.mx\/?p=79446"},"modified":"2022-10-21T15:25:01","modified_gmt":"2022-10-21T20:25:01","slug":"delfina-gomez-es-victima-de-ataques-porque-va-arriba-en-las-encuestas-sheinbaum","status":"publish","type":"post","link":"https:\/\/nvnoticias.mx\/index.php\/2022\/10\/21\/delfina-gomez-es-victima-de-ataques-porque-va-arriba-en-las-encuestas-sheinbaum\/","title":{"rendered":"Delfina G\u00f3mez es v\u00edctima de ataques porque va arriba en las encuestas: Sheinbaum"},"content":{"rendered":"\n<p>La jefa de gobierno,&nbsp;<strong>Claudia Sheinbaum<\/strong>&nbsp;asegur\u00f3 que \u201cse quedaran con las ganas\u201d, aquellos que emprendieron una campa\u00f1a negra contra la aspirante a la gubernatura del Estado de M\u00e9xico,&nbsp;<strong>Delfina G\u00f3mez.&nbsp;&nbsp;<\/strong><\/p>\n\n\n\n<p>En conferencia de prensa, la mandataria capitalina subray\u00f3 que la aspirante a gobernadora del Edomex, ha sido v\u00edctima de ataques porque, \u201cobviamente va arriba en las encuestas\u201d en la contienda por la gubernatura.<\/p>\n\n\n\n<p>Sobre el encuentro que sostuvieron ayer&nbsp;<strong>Higinio Mart\u00ednez y Horacio Duarte<\/strong>&nbsp;-quienes aspiraban a contender por el cargo- con Delfina G\u00f3mez, Claudia Sheinbaum asever\u00f3 que es muestra de \u201cunidad\u201d dentro del partido Morena.&nbsp;<\/p>\n\n\n\n<blockquote class=\"wp-block-quote is-layout-flow wp-block-quote-is-layout-flow\"><p>\u201cUnidad, unidad y toda la suerte del mundo y la queremos mucho a Delfina. Es una gran mujer. Ella ha sido v\u00edctima de ataques pues, porque obviamente va arriba en las encuestas\u201d, apunt\u00f3.\u00a0<\/p><\/blockquote>\n\n\n\n<p>Resalt\u00f3 que Delfina G\u00f3mez, \u201ces una mujer ejemplar, desde mi punto de vista. Ella viene de abajo; ella es hija de trabajadores y una maestra muy querida en su momento, y de ah\u00ed se convierte en la Presidenta Municipal y despu\u00e9s Secretaria de Educaci\u00f3n P\u00fablica.<\/p>\n\n\n\n<blockquote class=\"wp-block-quote is-layout-flow wp-block-quote-is-layout-flow\"><p>&#8220;Y hoy ya est\u00e1 a punto de entrar en la competencia electoral en su momento y me da mucho gusto que haya unidad en todo el Estado de M\u00e9xico por parte de nuestro movimiento y todo nuestro cari\u00f1o. Es realmente incre\u00edble lo que han hecho con esta campa\u00f1a negra, pero se van a quedar con las ganas\u201d.\u00a0<\/p><\/blockquote>\n\n\n\n<p>Fuente: <a href=\"https:\/\/www.eluniversal.com.mx\/metropoli\/es-victima-de-ataques-porque-va-arriba-en-las-encuestas-sheinbaum-sobre-campana-negra-contra-delfina-gomez\" data-type=\"URL\" data-id=\"https:\/\/www.eluniversal.com.mx\/metropoli\/es-victima-de-ataques-porque-va-arriba-en-las-encuestas-sheinbaum-sobre-campana-negra-contra-delfina-gomez\">El Universal<\/a><\/p>\n","protected":false},"excerpt":{"rendered":"<p>La jefa de gobierno,&nbsp;Claudia Sheinbaum&nbsp;asegur\u00f3 que \u201cse quedaran con las ganas\u201d, aquellos que emprendieron una campa\u00f1a negra contra la aspirante a la gubernatura del Estado de M\u00e9xico,&nbsp;Delfina G\u00f3mez.&nbsp;&nbsp; En conferencia de prensa, la mandataria capitalina subray\u00f3 que la aspirante a gobernadora del Edomex, ha sido v\u00edctima de ataques porque, \u201cobviamente va arriba en las encuestas\u201d [&hellip;]<\/p>\n","protected":false},"author":35,"featured_media":46474,"comment_status":"open","ping_status":"open","sticky":false,"template":"","format":"standard","meta":{"_monsterinsights_skip_tracking":false,"_monsterinsights_sitenote_active":false,"_monsterinsights_sitenote_note":"","_monsterinsights_sitenote_category":0,"footnotes":""},"categories":[158],"tags":[11685,10916,2801,8784,2038,2244],"class_list":["post-79446","post","type-post","status-publish","format-standard","has-post-thumbnail","hentry","category-politica","tag-arriba","tag-ataques","tag-claudia-sheinbaum","tag-delfina-gomez","tag-encuestas","tag-victima","wp-image-borders"],"amp_enabled":true,"_links":{"self":[{"href":"https:\/\/nvnoticias.mx\/index.php\/wp-json\/wp\/v2\/posts\/79446","targetHints":{"allow":["GET"]}}],"collection":[{"href":"https:\/\/nvnoticias.mx\/index.php\/wp-json\/wp\/v2\/posts"}],"about":[{"href":"https:\/\/nvnoticias.mx\/index.php\/wp-json\/wp\/v2\/types\/post"}],"author":[{"embeddable":true,"href":"https:\/\/nvnoticias.mx\/index.php\/wp-json\/wp\/v2\/users\/35"}],"replies":[{"embeddable":true,"href":"https:\/\/nvnoticias.mx\/index.php\/wp-json\/wp\/v2\/comments?post=79446"}],"version-history":[{"count":1,"href":"https:\/\/nvnoticias.mx\/index.php\/wp-json\/wp\/v2\/posts\/79446\/revisions"}],"predecessor-version":[{"id":79447,"href":"https:\/\/nvnoticias.mx\/index.php\/wp-json\/wp\/v2\/posts\/79446\/revisions\/79447"}],"wp:featuredmedia":[{"embeddable":true,"href":"https:\/\/nvnoticias.mx\/index.php\/wp-json\/wp\/v2\/media\/46474"}],"wp:attachment":[{"href":"https:\/\/nvnoticias.mx\/index.php\/wp-json\/wp\/v2\/media?parent=79446"}],"wp:term":[{"taxonomy":"category","embeddable":true,"href":"https:\/\/nvnoticias.mx\/index.php\/wp-json\/wp\/v2\/categories?post=79446"},{"taxonomy":"post_tag","embeddable":true,"href":"https:\/\/nvnoticias.mx\/index.php\/wp-json\/wp\/v2\/tags?post=79446"}],"curies":[{"name":"wp","href":"https:\/\/api.w.org\/{rel}","templated":true}]}}