{"id":79392,"date":"2022-10-21T12:58:11","date_gmt":"2022-10-21T17:58:11","guid":{"rendered":"https:\/\/nvnoticias.mx\/?p=79392"},"modified":"2022-10-21T12:58:13","modified_gmt":"2022-10-21T17:58:13","slug":"pan-entrego-un-pais-en-llamas-alito-ofrecio-propuesta-inteligente-y-viable-adan-augusto","status":"publish","type":"post","link":"https:\/\/nvnoticias.mx\/index.php\/2022\/10\/21\/pan-entrego-un-pais-en-llamas-alito-ofrecio-propuesta-inteligente-y-viable-adan-augusto\/","title":{"rendered":"PAN entreg\u00f3 un pa\u00eds en llamas, Alito ofreci\u00f3 propuesta inteligente y viable: Ad\u00e1n Augusto"},"content":{"rendered":"\n<p>El secretario de Gobernaci\u00f3n, Ad\u00e1n Augusto L\u00f3pez sostuvo que fue directamente el dirigente del PRI, Alejandro Moreno, quien le ofreci\u00f3 lograr la mayor\u00eda legislativa que Morena necesitaba para ampliar la permanencia del Ej\u00e9rcito en las calles, con una propuesta que result\u00f3 \u201cinteligente y viable\u201d, mientras al PAN lo acus\u00f3 de s\u00f3lo disentir a pesar de que entreg\u00f3 el pa\u00eds en llamas. <\/p>\n\n\n\n<p>Entre pancartas encontradas de las y los legisladores de Morena con la frase \u201cestamos Augusto con la Guardia Nacional\u201d y las de panistas con \u201cNo a la militarizaci\u00f3n\u201d, el secretario de Gobernaci\u00f3n se present\u00f3 ante el Congreso de Puebla para solicitar que aprueben la ampliaci\u00f3n de la labor de las fuerzas armadas en seguridad p\u00fablica. <\/p>\n\n\n\n<p>Luego de que en los \u00faltimos d\u00edas L\u00f3pez Hern\u00e1ndez se ha lanzado contra los gobiernos de oposici\u00f3n, la bancada panista en Puebla realiz\u00f3 una protesta en contra de la militarizaci\u00f3n y frente a las porras de las y los morenistas que coreaban \u201ces un honor estar con Obrador\u201d, optaron por retirarse tras interrumpir el inicio del discurso del secretario. <\/p>\n\n\n\n<blockquote class=\"wp-block-quote is-layout-flow wp-block-quote-is-layout-flow\"><p>&#8220;Se\u00f1or secretario, si me lo permite, disc\u00falpeme que lo interrumpa, le pido a mis compa\u00f1eros de Acci\u00f3n Nacional que puedan respetar la visibilidad de esta mesa directiva, si bien est\u00e1n en su derecho de sacar estas mantas y dem\u00e1s, les pedimos por favor que puedan hacerlo abajito y tambi\u00e9n a los legisladores de Morena les pido que tomen sus lugares, que todos los legisladores tomen sus lugares, si me hacen favor&#8221;. <\/p><\/blockquote>\n\n\n\n<p>\u201cTodo mundo tenemos derecho a la libre expresi\u00f3n, le pido a los compa\u00f1eros de Morena que sean los primeros en respetar la intervenci\u00f3n del secretario que es una instituci\u00f3n\u201d, pidi\u00f3 el presidente de la Junta de Gobierno y Coordinaci\u00f3n Pol\u00edtica, Sergio Salom\u00f3n Peregrina.<\/p>\n\n\n\n<p> Tras abandonar el recinto, el secretario de Gobernaci\u00f3n ironiz\u00f3 con la ausencia de los panistas pues sostuvo que le hubiera gustado escuchar si al menos, ten\u00edan una propuesta despu\u00e9s de haber entregado al pa\u00eds en llamas. <\/p>\n\n\n\n<blockquote class=\"wp-block-quote is-layout-flow wp-block-quote-is-layout-flow\"><p>&#8220;Lamento mucho que ni siquiera me hubieran dado oportunidad de leer las mantas que tra\u00edan los diputados de Acci\u00f3n Nacional y como secretario de Gobernaci\u00f3n, pero sobre todo como ciudadano se los digo, a m\u00ed me hubiese gustado escucharlos, s\u00e9 bien qu\u00e9 piensan y que ellos tienen la cultura de oponerse a todo, pero igual y hac\u00edan una propuesta que contribuyera a la mejor construcci\u00f3n que requerimos&#8221;.<\/p><\/blockquote>\n\n\n\n<blockquote class=\"wp-block-quote is-layout-flow wp-block-quote-is-layout-flow\"><p> \u201cEstaba medio dif\u00edcil porque cuando uno disiente lo primero que debe de hacer para que esa disidencia sea escuchada y atendida es reconocer que no hicieron nada, que tuvieron la oportunidad durante 12 a\u00f1os y entregaron a un pa\u00eds en llamas, quienes s\u00ed le apostaron a la militarizaci\u00f3n del pa\u00eds fueron los gobiernos emanados del PAN\u201d. <\/p><\/blockquote>\n\n\n\n<p>Ad\u00e1n Augusto record\u00f3 que los panistas fueron culpables de la vulneraci\u00f3n a la autonom\u00eda de los municipios de Michoac\u00e1n en lo que ahora se conoce como \u201cel michoacanazo\u201d y el \u201ccrimen de Estado\u201d por la operaci\u00f3n \u2018R\u00e1pido y furioso\u2019 donde \u201cse dedicaron a ser proveedores de armamento para las organizaciones criminales, pero bueno, qu\u00e9 l\u00e1stima que no hayan querido debatir y escucharnos\u201d.<\/p>\n\n\n\n<p> Y despu\u00e9s de que hace unos d\u00edas, Ad\u00e1n Augusto L\u00f3pez asegur\u00f3 que logr\u00f3 con el PRI acuerdos para lograr mayor\u00edas legislativas, lo que los priistas negaron, esta ma\u00f1ana el funcionario incluso detall\u00f3 que fue directamente el dirigente nacional del PRI, Alejandro Moreno quien ofreci\u00f3 ayudar a Morena y al gobierno federal, durante una reuni\u00f3n en la que tambi\u00e9n estuvieron presentes el coordinador de la bancada priista, Rub\u00e9n Moreira; de la de Morena, Ignacio Mier; del PVEM, Carlos Puente y del PT, Alberto Anaya. <\/p>\n\n\n\n<blockquote class=\"wp-block-quote is-layout-flow wp-block-quote-is-layout-flow\"><p>&#8220;Accedimos (a la reuni\u00f3n que solicit\u00f3 Alejandro Moreno) y ah\u00ed el dirigente nacional del PRI nos hizo el planteamiento de que hab\u00eda una diputada del PRI, Yolanda de la Torre, que por cierto, ahora es presidenta del Tribunal Superior de Justicia de Durango, que ten\u00eda o quer\u00eda presentar una iniciativa de ley pero no quer\u00eda que como otras tantas, quedara en lo que se conoce como congeladora legisladora y que la fracci\u00f3n parlamentaria del PRI y la dirigencia del PRI estar\u00eda dispuesta a acompa\u00f1ar la propuesta&#8221;. <\/p><\/blockquote>\n\n\n\n<blockquote class=\"wp-block-quote is-layout-flow wp-block-quote-is-layout-flow\"><p>\u201cPlaticamos, ellos ofrecieron construir junto con la fracci\u00f3n mayoritaria de Morena la mayor\u00eda legislativa que se necesitaba y avanzamos, y el 2 de septiembre presentaron formalmente la iniciativa. Era una propuesta inteligente y viable porque ahora reflexiono que en marzo de 2024, el pa\u00eds estar\u00eda inmerso ya en el proceso electoral rumbo a la renovaci\u00f3n de la totalidad de los integrantes del congreso Federal y de la elecci\u00f3n presidencial, lo que hubiese tornado pr\u00e1cticamente la construcci\u00f3n de un consenso o de una mayor\u00eda constitucional\u201d. <\/p><\/blockquote>\n\n\n\n<p>Fuente: <a href=\"https:\/\/www.milenio.com\/politica\/adan-augusto-lopez-senala-al-pan-disentir-uerzas-armadas\" data-type=\"URL\" data-id=\"https:\/\/www.milenio.com\/politica\/adan-augusto-lopez-senala-al-pan-disentir-uerzas-armadas\">Milenio<\/a><\/p>\n","protected":false},"excerpt":{"rendered":"<p>El secretario de Gobernaci\u00f3n, Ad\u00e1n Augusto L\u00f3pez sostuvo que fue directamente el dirigente del PRI, Alejandro Moreno, quien le ofreci\u00f3 lograr la mayor\u00eda legislativa que Morena necesitaba para ampliar la permanencia del Ej\u00e9rcito en las calles, con una propuesta que result\u00f3 \u201cinteligente y viable\u201d, mientras al PAN lo acus\u00f3 de s\u00f3lo disentir a pesar de [&hellip;]<\/p>\n","protected":false},"author":35,"featured_media":36123,"comment_status":"open","ping_status":"open","sticky":false,"template":"","format":"standard","meta":{"_monsterinsights_skip_tracking":false,"_monsterinsights_sitenote_active":false,"_monsterinsights_sitenote_note":"","_monsterinsights_sitenote_category":0,"footnotes":""},"categories":[158],"tags":[16465,15761,20425,20427,20426,18446,5203,284,3164],"class_list":["post-79392","post","type-post","status-publish","format-standard","has-post-thumbnail","hentry","category-politica","tag-adan-augusto-lopez","tag-alito","tag-entrego","tag-inteligente","tag-llamas","tag-ofrecio","tag-pais","tag-pan","tag-propuesta","wp-image-borders"],"amp_enabled":true,"_links":{"self":[{"href":"https:\/\/nvnoticias.mx\/index.php\/wp-json\/wp\/v2\/posts\/79392","targetHints":{"allow":["GET"]}}],"collection":[{"href":"https:\/\/nvnoticias.mx\/index.php\/wp-json\/wp\/v2\/posts"}],"about":[{"href":"https:\/\/nvnoticias.mx\/index.php\/wp-json\/wp\/v2\/types\/post"}],"author":[{"embeddable":true,"href":"https:\/\/nvnoticias.mx\/index.php\/wp-json\/wp\/v2\/users\/35"}],"replies":[{"embeddable":true,"href":"https:\/\/nvnoticias.mx\/index.php\/wp-json\/wp\/v2\/comments?post=79392"}],"version-history":[{"count":1,"href":"https:\/\/nvnoticias.mx\/index.php\/wp-json\/wp\/v2\/posts\/79392\/revisions"}],"predecessor-version":[{"id":79399,"href":"https:\/\/nvnoticias.mx\/index.php\/wp-json\/wp\/v2\/posts\/79392\/revisions\/79399"}],"wp:featuredmedia":[{"embeddable":true,"href":"https:\/\/nvnoticias.mx\/index.php\/wp-json\/wp\/v2\/media\/36123"}],"wp:attachment":[{"href":"https:\/\/nvnoticias.mx\/index.php\/wp-json\/wp\/v2\/media?parent=79392"}],"wp:term":[{"taxonomy":"category","embeddable":true,"href":"https:\/\/nvnoticias.mx\/index.php\/wp-json\/wp\/v2\/categories?post=79392"},{"taxonomy":"post_tag","embeddable":true,"href":"https:\/\/nvnoticias.mx\/index.php\/wp-json\/wp\/v2\/tags?post=79392"}],"curies":[{"name":"wp","href":"https:\/\/api.w.org\/{rel}","templated":true}]}}