{"id":79309,"date":"2022-10-20T23:12:21","date_gmt":"2022-10-21T04:12:21","guid":{"rendered":"https:\/\/nvnoticias.mx\/?p=79309"},"modified":"2022-10-20T23:12:22","modified_gmt":"2022-10-21T04:12:22","slug":"pericos-ataca-en-la-cuarta-y-se-lleva-triunfo-del-jara-corona","status":"publish","type":"post","link":"https:\/\/nvnoticias.mx\/index.php\/2022\/10\/20\/pericos-ataca-en-la-cuarta-y-se-lleva-triunfo-del-jara-corona\/","title":{"rendered":"Pericos ataca en la cuarta y se lleva triunfo del Jara Corona"},"content":{"rendered":"\n<p>Con un ataque en la cuarta entrada, que fue coronado por un jonr\u00f3n con dos en base, en el madero de Armando Aguilar, Pericos de Puebla puso tierra de por medio y se llev\u00f3 el triunfo por pizarra de 8-2 ante El \u00c1guila-Bravos en el estadio Heriberto Jara en Poza Rica.<\/p>\n\n\n\n<p>Pericos atac\u00f3 de la primera entrada al abridor Rolando Hermida, un error del primera base jarocho-leon\u00e9s, le abri\u00f3 la puerta a Rogelio Cobos que aprovech\u00f3 la pifia y anot\u00f3 de tercera a home, la carrera de la quiniela, despu\u00e9s Giancarlo Serv\u00edan atiz\u00f3 imparable al izquierdo y remolc\u00f3 a Luis Medina, 2-0 la pizarra.<\/p>\n\n\n\n<p>El escuadr\u00f3n verde atac\u00f3 otra vez en el segundo rollo, Brayan G\u00f3mez elev\u00f3 de sacrificio y en pisa y corre, Juan Tinoco entr\u00f3 a la registradora con la segunda carrera verde, 3-0 la pizarra.<\/p>\n\n\n\n<p>Puebla aument\u00f3 su ventaja en el tercer cap\u00edtulo, V\u00edctor Landeta se rob\u00f3 segunda y en el intento de ponerlo fuera, el receptor jarocho-leon\u00e9s hizo un tiro que cay\u00f3 en los terrenos del jardinero central y que este no pudo controlar y perdi\u00f3 de vista la pelota, este error fue aprovechado por Landeta para avanzar a tercera y desplazarse al plato.<\/p>\n\n\n\n<p>El \u00c1guila Brava se sacudi\u00f3 la blanqueada en la baja de la tercera entrada, con un out, Diego Liz\u00e1rraga conect\u00f3 \u201ctubey\u201d al izquierdo y en los spikes de Jes\u00fas S\u00e1nchez anot\u00f3 la carrera de Veracruz-Le\u00f3n, 4-1 la pizarra.<\/p>\n\n\n\n<p>La novena poblana puso tierra de por medio en la cuarta entrada con un ataque de tres carreras, que fue coronado por un jonr\u00f3n al derecho en el madero de Armando Aguilar y que se llev\u00f3 por delante al Brayan G\u00f3mez, Luis Medina, 7-1 la pizarra a favor de los visitantes.<\/p>\n\n\n\n<p>El combinado Bravo jarocho busc\u00f3 acercarse a la pizarra en el s\u00e9ptimo cap\u00edtulo, bola ocupada para Sergio Villalobos e Iv\u00e1n Ch\u00e1vez entr\u00f3 a la registradora, 7-2 la pizarra.<\/p>\n\n\n\n<p>Puebla atac\u00f3 en la novena entrada, con dos tercios fuera, Ammed Galaz deton\u00f3 cuadrangular solitario por el jard\u00edn de la izquierda, 8-2 la pizarra a favor del Escuadr\u00f3n verde y los poblanos se llevaron el triunfo de Poza Rica.<\/p>\n\n\n\n<figure class=\"wp-block-table\"><table><tbody><tr><td><strong>EQUIPO<\/strong><\/td><td><strong>1<\/strong><\/td><td><strong>2<\/strong><\/td><td><strong>3<\/strong><\/td><td><strong>4<\/strong><\/td><td><strong>5<\/strong><\/td><td><strong>6<\/strong><\/td><td><strong>7<\/strong><\/td><td><strong>8<\/strong><\/td><td><strong>9<\/strong><\/td><td><\/td><td><strong>C<\/strong><\/td><td><strong>H<\/strong><\/td><td><strong>E<\/strong><\/td><\/tr><tr><td>PERICOS<\/td><td>2<\/td><td>1<\/td><td>1<\/td><td>3<\/td><td>0<\/td><td>0<\/td><td>0<\/td><td>0<\/td><td>1<\/td><td><\/td><td>8<\/td><td>11<\/td><td>0<\/td><\/tr><tr><td>EL AGUILA-BRAVOS<\/td><td>0<\/td><td>0<\/td><td>1<\/td><td>0<\/td><td>0<\/td><td>0<\/td><td>1<\/td><td>0<\/td><td>0<\/td><td><\/td><td>2<\/td><td>3<\/td><td>5<\/td><\/tr><\/tbody><\/table><\/figure>\n\n\n\n<p>PG: Antonio Carre\u00f3n<\/p>\n\n\n\n<p>PP: Rolando Hermida<\/p>\n\n\n\n<p>SV: &nbsp;No hubo<\/p>\n\n\n\n<p>HR: Armando Aguilar (PUE)&nbsp;<\/p>\n","protected":false},"excerpt":{"rendered":"<p>Con un ataque en la cuarta entrada, que fue coronado por un jonr\u00f3n con dos en base, en el madero de Armando Aguilar, Pericos de Puebla puso tierra de por medio y se llev\u00f3 el triunfo por pizarra de 8-2 ante El \u00c1guila-Bravos en el estadio Heriberto Jara en Poza Rica. Pericos atac\u00f3 de la [&hellip;]<\/p>\n","protected":false},"author":8,"featured_media":79310,"comment_status":"open","ping_status":"open","sticky":false,"template":"","format":"standard","meta":{"_monsterinsights_skip_tracking":false,"_monsterinsights_sitenote_active":false,"_monsterinsights_sitenote_note":"","_monsterinsights_sitenote_category":0,"footnotes":""},"categories":[159],"tags":[13909,1195,2122],"class_list":["post-79309","post","type-post","status-publish","format-standard","has-post-thumbnail","hentry","category-deportes","tag-bravos-de-juarez","tag-el-aguila-de-veracruz","tag-pericos-de-puebla","wp-image-borders"],"amp_enabled":true,"_links":{"self":[{"href":"https:\/\/nvnoticias.mx\/index.php\/wp-json\/wp\/v2\/posts\/79309","targetHints":{"allow":["GET"]}}],"collection":[{"href":"https:\/\/nvnoticias.mx\/index.php\/wp-json\/wp\/v2\/posts"}],"about":[{"href":"https:\/\/nvnoticias.mx\/index.php\/wp-json\/wp\/v2\/types\/post"}],"author":[{"embeddable":true,"href":"https:\/\/nvnoticias.mx\/index.php\/wp-json\/wp\/v2\/users\/8"}],"replies":[{"embeddable":true,"href":"https:\/\/nvnoticias.mx\/index.php\/wp-json\/wp\/v2\/comments?post=79309"}],"version-history":[{"count":1,"href":"https:\/\/nvnoticias.mx\/index.php\/wp-json\/wp\/v2\/posts\/79309\/revisions"}],"predecessor-version":[{"id":79311,"href":"https:\/\/nvnoticias.mx\/index.php\/wp-json\/wp\/v2\/posts\/79309\/revisions\/79311"}],"wp:featuredmedia":[{"embeddable":true,"href":"https:\/\/nvnoticias.mx\/index.php\/wp-json\/wp\/v2\/media\/79310"}],"wp:attachment":[{"href":"https:\/\/nvnoticias.mx\/index.php\/wp-json\/wp\/v2\/media?parent=79309"}],"wp:term":[{"taxonomy":"category","embeddable":true,"href":"https:\/\/nvnoticias.mx\/index.php\/wp-json\/wp\/v2\/categories?post=79309"},{"taxonomy":"post_tag","embeddable":true,"href":"https:\/\/nvnoticias.mx\/index.php\/wp-json\/wp\/v2\/tags?post=79309"}],"curies":[{"name":"wp","href":"https:\/\/api.w.org\/{rel}","templated":true}]}}