{"id":79287,"date":"2022-10-20T15:20:00","date_gmt":"2022-10-20T20:20:00","guid":{"rendered":"https:\/\/nvnoticias.mx\/?p=79287"},"modified":"2022-10-20T18:00:36","modified_gmt":"2022-10-20T23:00:36","slug":"camara-de-diputados-aprueba-en-lo-general-ley-de-derechos-2023","status":"publish","type":"post","link":"https:\/\/nvnoticias.mx\/index.php\/2022\/10\/20\/camara-de-diputados-aprueba-en-lo-general-ley-de-derechos-2023\/","title":{"rendered":"C\u00e1mara de Diputados aprueba, en lo general, Ley de Derechos 2023"},"content":{"rendered":"\n<p>El pleno de la C\u00e1mara de Diputados aprob\u00f3 con 268 votos a favor y 214 sufragios en contra y 1 abstenci\u00f3n los art\u00edculos no reservados de\u00a0la Ley Federal de Derechos de 2023.<\/p>\n\n\n\n<p>Patricia\u00a0Terrazas, secretar\u00eda de la Comisi\u00f3n de Hacienda de la C\u00e1mara de Diputados, afirm\u00f3 que \u201cestamos ante un dictamen que\u00a0encarece los insumos esenciales, como es el espectro radioel\u00e9ctrico, los derechos mineros, los derechos por conectividad y la operaci\u00f3n m\u00f3vil, por citar algunos\u201d.<\/p>\n\n\n\n<p>Lament\u00f3 que se diga que no habr\u00e1 nuevos impuestos, pero los aumentos\u00a0se disfrazan de actualizaci\u00f3n.<\/p>\n\n\n\n<blockquote class=\"wp-block-quote is-layout-flow wp-block-quote-is-layout-flow\"><p>\u201c<em>Si no fuera as\u00ed, \u00bfC\u00f3mo explicamos que los ingresos derivados de la Ley de Derechos es 21 por ciento de aumento respecto al a\u00f1o anterior y la inflaci\u00f3n el 9, si no son nuevos impuestos?<\/em>, cuestion\u00f3.<\/p><\/blockquote>\n\n\n\n<p>Mario Alberto Rodr\u00edguez, de Movimiento Ciudadano, expuso que se dice que no se crean impuestos ni se incrementan, pero los derechos son impuestos y se est\u00e1n actualizando o se est\u00e1n creando otros.<\/p>\n\n\n\n<blockquote class=\"wp-block-quote is-layout-flow wp-block-quote-is-layout-flow\"><p>\u201c<em>Si queremos realmente ayudar a la econom\u00eda, bajemos los derechos que ya existen, al uso del espectro que da el estado, porque adem\u00e1s las empresas de telefon\u00eda trasladan al consumidor el impuesto tres veces m\u00e1s caro<\/em>\u201d, subray\u00f3.<\/p><\/blockquote>\n\n\n\n<p>Pidi\u00f3 que se deje claro que\u00a0las empresas de telefon\u00eda\u00a0no eleven sus tarifas a lo largo del a\u00f1o\u00a0para las personas que adquieren un plan o a usuarios de prepago. Sin embargo, el Pleno rechaz\u00f3 su propuesta.<\/p>\n\n\n\n<p>La diputada Susana Prieto de Morena expres\u00f3 en su reserva que se est\u00e1 buscando no aumentar los impuestos y mantenerlos como est\u00e1n.<\/p>\n\n\n\n<p>Reproch\u00f3 las cr\u00edticas de la oposici\u00f3n a las acusaciones de que la actual administraci\u00f3n multiplic\u00f3 el n\u00famero de pobres.<\/p>\n\n\n\n<p>\u201cNuestro presidente no es \u2018El rey del cash\u2019, sino de \u2018El Crash\u2019, ya que dej\u00f3 en la ruina a todos los legisladores de oposici\u00f3n, que son los \u00fanicos a los que no les parece\u00a0el manejo de la econom\u00eda\u00a0porque desean regresar al poder, pero no hicieron bien las cosas por eso el pueblo sabio los quit\u00f3\u201d, abund\u00f3.<\/p>\n\n\n\n<h4 class=\"wp-block-heading\">\u00bfQu\u00e9 establece la Ley de Derechos 2023?<\/h4>\n\n\n\n<p>Incluir una cuota menor en el cobro de derechos por\u00a0los tr\u00e1mites de expedici\u00f3n de visas ordinarias, cuando estas sean solicitadas a trav\u00e9s de medios electr\u00f3nicos, toda vez que para la Secretar\u00eda de Relaciones Exteriores representa un gasto menor al llevar a cabo la prestaci\u00f3n del servicio mediante la v\u00eda digital.<\/p>\n\n\n\n<p>El dictamen propone no actualizar el impuesto en 2023, y dejarlo como estaba en 2023, para el uso de tel\u00e9fonos m\u00f3viles de prepago, con el objetivo de beneficiar a los hogares con menores ingresos.<\/p>\n\n\n\n<p>\u201cNo debemos olvidar que el acceso a las telecomunicaciones m\u00f3viles es un derecho constitucional, cuya relevancia en la econom\u00eda impact\u00f3 de forma negativa a partir de la pandemia por COVID-19, por lo que, tomando en cuenta el aumento en la inflaci\u00f3n, se considera no generar presiones adicionales en los precios en el mercado y buscar proteger la econom\u00eda de los hogares menos favorecidos\u201d, precisa.<\/p>\n\n\n\n<p>Se\u00f1ala que los hogares con menores ingresos destinan un alto porcentaje de sus ingresos en gastos relacionados con servicios de telecomunicaci\u00f3n m\u00f3vil, aunado a que, de acuerdo con la informaci\u00f3n del Instituto Nacional de Estad\u00edstica y Geograf\u00eda, se observa que los hogares de estratos socioecon\u00f3mico bajo y medio bajo utilizan como \u00fanico servicio de telecomunicaciones la telefon\u00eda m\u00f3vil.<\/p>\n\n\n\n<p>Plantea tambi\u00e9n adicionar un cuarto p\u00e1rrafo al art\u00edculo 23 de la Ley Federal de Derechos, para establecer el beneficio fiscal para el tr\u00e1mite de testamento p\u00fablico de un descuento de 50 por ciento, mismo que actualmente se encuentra contemplado en el art\u00edculo segundo transitorio, fracci\u00f3n VI de la Ley Federal de Derechos.<\/p>\n\n\n\n<p>Fuente: <a href=\"https:\/\/www.elfinanciero.com.mx\/economia\/2022\/10\/20\/paquete-economico-2023-diputados-aprueban-ley-de-derechos\/\">El Financiero<\/a><\/p>\n","protected":false},"excerpt":{"rendered":"<p>El pleno de la C\u00e1mara de Diputados aprob\u00f3 con 268 votos a favor y 214 sufragios en contra y 1 abstenci\u00f3n los art\u00edculos no reservados de\u00a0la Ley Federal de Derechos de 2023. Patricia\u00a0Terrazas, secretar\u00eda de la Comisi\u00f3n de Hacienda de la C\u00e1mara de Diputados, afirm\u00f3 que \u201cestamos ante un dictamen que\u00a0encarece los insumos esenciales, como [&hellip;]<\/p>\n","protected":false},"author":8,"featured_media":29206,"comment_status":"open","ping_status":"open","sticky":false,"template":"","format":"standard","meta":{"_monsterinsights_skip_tracking":false,"_monsterinsights_sitenote_active":false,"_monsterinsights_sitenote_note":"","_monsterinsights_sitenote_category":0,"footnotes":""},"categories":[158],"tags":[4309,566,6732,162],"class_list":["post-79287","post","type-post","status-publish","format-standard","has-post-thumbnail","hentry","category-politica","tag-4309","tag-diputados","tag-ley-de-derechos","tag-portada","wp-image-borders"],"amp_enabled":true,"_links":{"self":[{"href":"https:\/\/nvnoticias.mx\/index.php\/wp-json\/wp\/v2\/posts\/79287","targetHints":{"allow":["GET"]}}],"collection":[{"href":"https:\/\/nvnoticias.mx\/index.php\/wp-json\/wp\/v2\/posts"}],"about":[{"href":"https:\/\/nvnoticias.mx\/index.php\/wp-json\/wp\/v2\/types\/post"}],"author":[{"embeddable":true,"href":"https:\/\/nvnoticias.mx\/index.php\/wp-json\/wp\/v2\/users\/8"}],"replies":[{"embeddable":true,"href":"https:\/\/nvnoticias.mx\/index.php\/wp-json\/wp\/v2\/comments?post=79287"}],"version-history":[{"count":1,"href":"https:\/\/nvnoticias.mx\/index.php\/wp-json\/wp\/v2\/posts\/79287\/revisions"}],"predecessor-version":[{"id":79288,"href":"https:\/\/nvnoticias.mx\/index.php\/wp-json\/wp\/v2\/posts\/79287\/revisions\/79288"}],"wp:featuredmedia":[{"embeddable":true,"href":"https:\/\/nvnoticias.mx\/index.php\/wp-json\/wp\/v2\/media\/29206"}],"wp:attachment":[{"href":"https:\/\/nvnoticias.mx\/index.php\/wp-json\/wp\/v2\/media?parent=79287"}],"wp:term":[{"taxonomy":"category","embeddable":true,"href":"https:\/\/nvnoticias.mx\/index.php\/wp-json\/wp\/v2\/categories?post=79287"},{"taxonomy":"post_tag","embeddable":true,"href":"https:\/\/nvnoticias.mx\/index.php\/wp-json\/wp\/v2\/tags?post=79287"}],"curies":[{"name":"wp","href":"https:\/\/api.w.org\/{rel}","templated":true}]}}