{"id":79260,"date":"2022-10-20T14:49:55","date_gmt":"2022-10-20T19:49:55","guid":{"rendered":"https:\/\/nvnoticias.mx\/?p=79260"},"modified":"2022-10-20T14:49:57","modified_gmt":"2022-10-20T19:49:57","slug":"venezolanos-que-quieran-quedarse-en-mexico-son-bienvenidos-ebrard","status":"publish","type":"post","link":"https:\/\/nvnoticias.mx\/index.php\/2022\/10\/20\/venezolanos-que-quieran-quedarse-en-mexico-son-bienvenidos-ebrard\/","title":{"rendered":"Venezolanos que quieran quedarse en M\u00e9xico son bienvenidos: Ebrard"},"content":{"rendered":"\n<p>M\u00e9xico puede ofrecer a los venezolanos que llegan de Estados Unidos oportunidades para quedarse o repatriarlos, pero &#8220;s\u00f3lo aquellos que quieran&#8221;, dijo Marcelo Ebrard, secretario de Relaciones Exteriores de M\u00e9xico.<\/p>\n\n\n\n<blockquote class=\"wp-block-quote is-layout-flow wp-block-quote-is-layout-flow\"><p> &#8220;Ayer regresaron 170, no son miles. Vamos a darles oportunidades, que nos digan si quieren estar en M\u00e9xico. \u00bfLas opciones de M\u00e9xico cu\u00e1les ser\u00edan? \u00bfDecirles no te admito?, imag\u00ednate el problema, y dos repatriarlos, tampoco s\u00f3lo aquellos que quieran. El que quiera quedarse en este pa\u00eds es bienvenido&#8221;, dijo en el marco de la VII Encuentro de J\u00f3venes de la Alianza del Pac\u00edfico organizado por Nestl\u00e9. <\/p><\/blockquote>\n\n\n\n<p>Ayer en la conferencia matutina del presidente Andr\u00e9s Manuel L\u00f3pez Obrador, el funcionario dijo que M\u00e9xico recibi\u00f3 al momento a mil 768 venezolanos bajo el T\u00edtulo 42 de Estados Unidos. <\/p>\n\n\n\n<p>Fuente: <a href=\"https:\/\/www.milenio.com\/negocios\/marcelo-ebrard-mexico-repatriar-venezolanos-quieran\" data-type=\"URL\" data-id=\"https:\/\/www.milenio.com\/negocios\/marcelo-ebrard-mexico-repatriar-venezolanos-quieran\">Milenio<\/a><\/p>\n","protected":false},"excerpt":{"rendered":"<p>M\u00e9xico puede ofrecer a los venezolanos que llegan de Estados Unidos oportunidades para quedarse o repatriarlos, pero &#8220;s\u00f3lo aquellos que quieran&#8221;, dijo Marcelo Ebrard, secretario de Relaciones Exteriores de M\u00e9xico. &#8220;Ayer regresaron 170, no son miles. Vamos a darles oportunidades, que nos digan si quieren estar en M\u00e9xico. \u00bfLas opciones de M\u00e9xico cu\u00e1les ser\u00edan? \u00bfDecirles [&hellip;]<\/p>\n","protected":false},"author":35,"featured_media":1140,"comment_status":"open","ping_status":"open","sticky":false,"template":"","format":"standard","meta":{"_monsterinsights_skip_tracking":false,"_monsterinsights_sitenote_active":false,"_monsterinsights_sitenote_note":"","_monsterinsights_sitenote_category":0,"footnotes":""},"categories":[158],"tags":[20393,391,292,20392,20391,20167],"class_list":["post-79260","post","type-post","status-publish","format-standard","has-post-thumbnail","hentry","category-politica","tag-bienvenidos","tag-marcelo-ebrard","tag-mexico","tag-quedarse","tag-quieran","tag-venezolanos","wp-image-borders"],"amp_enabled":true,"_links":{"self":[{"href":"https:\/\/nvnoticias.mx\/index.php\/wp-json\/wp\/v2\/posts\/79260","targetHints":{"allow":["GET"]}}],"collection":[{"href":"https:\/\/nvnoticias.mx\/index.php\/wp-json\/wp\/v2\/posts"}],"about":[{"href":"https:\/\/nvnoticias.mx\/index.php\/wp-json\/wp\/v2\/types\/post"}],"author":[{"embeddable":true,"href":"https:\/\/nvnoticias.mx\/index.php\/wp-json\/wp\/v2\/users\/35"}],"replies":[{"embeddable":true,"href":"https:\/\/nvnoticias.mx\/index.php\/wp-json\/wp\/v2\/comments?post=79260"}],"version-history":[{"count":1,"href":"https:\/\/nvnoticias.mx\/index.php\/wp-json\/wp\/v2\/posts\/79260\/revisions"}],"predecessor-version":[{"id":79261,"href":"https:\/\/nvnoticias.mx\/index.php\/wp-json\/wp\/v2\/posts\/79260\/revisions\/79261"}],"wp:featuredmedia":[{"embeddable":true,"href":"https:\/\/nvnoticias.mx\/index.php\/wp-json\/wp\/v2\/media\/1140"}],"wp:attachment":[{"href":"https:\/\/nvnoticias.mx\/index.php\/wp-json\/wp\/v2\/media?parent=79260"}],"wp:term":[{"taxonomy":"category","embeddable":true,"href":"https:\/\/nvnoticias.mx\/index.php\/wp-json\/wp\/v2\/categories?post=79260"},{"taxonomy":"post_tag","embeddable":true,"href":"https:\/\/nvnoticias.mx\/index.php\/wp-json\/wp\/v2\/tags?post=79260"}],"curies":[{"name":"wp","href":"https:\/\/api.w.org\/{rel}","templated":true}]}}