{"id":79259,"date":"2022-10-20T14:50:20","date_gmt":"2022-10-20T19:50:20","guid":{"rendered":"https:\/\/nvnoticias.mx\/?p=79259"},"modified":"2022-10-20T14:50:20","modified_gmt":"2022-10-20T19:50:20","slug":"busca-ulises-cervantes-ser-candidato-de-unidad-para-el-cce","status":"publish","type":"post","link":"https:\/\/nvnoticias.mx\/index.php\/2022\/10\/20\/busca-ulises-cervantes-ser-candidato-de-unidad-para-el-cce\/","title":{"rendered":"Busca Ulises Cervantes ser candidato de unidad para el CCE"},"content":{"rendered":"\n<p><strong>Jes\u00fas Utrilla \/ NV Noticias<\/strong><\/p>\n\n\n\n<p>Ulises Cervantes Espinoza se destap\u00f3 para buscar la presidencia del Consejo Coordinador Empresarial Veracruz- Boca Del R\u00edo.<\/p>\n\n\n\n<p>Dijo que se necesita que el organismo vuelva a ser imparcial y que no tenga colores.<\/p>\n\n\n\n<p>Record\u00f3 que ha participado en el Consejo Coordinador Empresarial por dos periodos y ha estado en dos consejos directivos por eso busca ser el candidato de unidad.&nbsp;<\/p>\n\n\n\n<blockquote class=\"wp-block-quote is-layout-flow wp-block-quote-is-layout-flow\"><p>\u201c<em>Mi intenci\u00f3n es hablar con los integrantes y me reunir\u00e9 con los que me faltan<\/em>\u201d.\u00a0<\/p><\/blockquote>\n\n\n\n<p>El cargo se renovar\u00e1 finales de a\u00f1o y la convocatoria se emitir\u00e1 en noviembre, por lo cual inici\u00f3 una campa\u00f1a interna que le permita ser el pr\u00f3ximo representantes de los empresarios a nivel local.<\/p>\n\n\n\n<p>Agreg\u00f3 que el CCE debe ser plural, sin colores de partidos y abierto a todos los sectores de la pol\u00edtica y la econom\u00eda.<\/p>\n\n\n\n<p>En su caso buscar\u00e1 modificar los estatutos del consejo, certificar a los socios de los organismos que conforman la agrupaci\u00f3n&nbsp;&nbsp;y mejorar la imagen del CCE al exterior.&nbsp;&nbsp;<\/p>\n\n\n\n<p>Indic\u00f3 que el CCE tuvo baja participaci\u00f3n en estos dos a\u00f1os que incluy\u00f3 la pandemia, a\u00fan cuando otros organismos tuvieron participaci\u00f3n activa en lo econ\u00f3mico y lo social, cumpliendo con su funci\u00f3n de coadyuvar con el desarrollo empresarial de la regi\u00f3n.<\/p>\n","protected":false},"excerpt":{"rendered":"<p>Jes\u00fas Utrilla \/ NV Noticias Ulises Cervantes Espinoza se destap\u00f3 para buscar la presidencia del Consejo Coordinador Empresarial Veracruz- Boca Del R\u00edo. Dijo que se necesita que el organismo vuelva a ser imparcial y que no tenga colores. Record\u00f3 que ha participado en el Consejo Coordinador Empresarial por dos periodos y ha estado en dos [&hellip;]<\/p>\n","protected":false},"author":8,"featured_media":79262,"comment_status":"open","ping_status":"open","sticky":false,"template":"","format":"standard","meta":{"_monsterinsights_skip_tracking":false,"_monsterinsights_sitenote_active":false,"_monsterinsights_sitenote_note":"","_monsterinsights_sitenote_category":0,"footnotes":""},"categories":[154],"tags":[2023,1857,20394],"class_list":["post-79259","post","type-post","status-publish","format-standard","has-post-thumbnail","hentry","category-veracruz","tag-candidato","tag-cce","tag-ulises-cervantes","wp-image-borders"],"amp_enabled":true,"_links":{"self":[{"href":"https:\/\/nvnoticias.mx\/index.php\/wp-json\/wp\/v2\/posts\/79259","targetHints":{"allow":["GET"]}}],"collection":[{"href":"https:\/\/nvnoticias.mx\/index.php\/wp-json\/wp\/v2\/posts"}],"about":[{"href":"https:\/\/nvnoticias.mx\/index.php\/wp-json\/wp\/v2\/types\/post"}],"author":[{"embeddable":true,"href":"https:\/\/nvnoticias.mx\/index.php\/wp-json\/wp\/v2\/users\/8"}],"replies":[{"embeddable":true,"href":"https:\/\/nvnoticias.mx\/index.php\/wp-json\/wp\/v2\/comments?post=79259"}],"version-history":[{"count":1,"href":"https:\/\/nvnoticias.mx\/index.php\/wp-json\/wp\/v2\/posts\/79259\/revisions"}],"predecessor-version":[{"id":79263,"href":"https:\/\/nvnoticias.mx\/index.php\/wp-json\/wp\/v2\/posts\/79259\/revisions\/79263"}],"wp:featuredmedia":[{"embeddable":true,"href":"https:\/\/nvnoticias.mx\/index.php\/wp-json\/wp\/v2\/media\/79262"}],"wp:attachment":[{"href":"https:\/\/nvnoticias.mx\/index.php\/wp-json\/wp\/v2\/media?parent=79259"}],"wp:term":[{"taxonomy":"category","embeddable":true,"href":"https:\/\/nvnoticias.mx\/index.php\/wp-json\/wp\/v2\/categories?post=79259"},{"taxonomy":"post_tag","embeddable":true,"href":"https:\/\/nvnoticias.mx\/index.php\/wp-json\/wp\/v2\/tags?post=79259"}],"curies":[{"name":"wp","href":"https:\/\/api.w.org\/{rel}","templated":true}]}}