{"id":79255,"date":"2022-10-20T14:41:36","date_gmt":"2022-10-20T19:41:36","guid":{"rendered":"https:\/\/nvnoticias.mx\/?p=79255"},"modified":"2022-10-20T14:41:37","modified_gmt":"2022-10-20T19:41:37","slug":"debaten-diputados-el-paquete-economico-2023","status":"publish","type":"post","link":"https:\/\/nvnoticias.mx\/index.php\/2022\/10\/20\/debaten-diputados-el-paquete-economico-2023\/","title":{"rendered":"Debaten diputados el Paquete Econ\u00f3mico 2023"},"content":{"rendered":"\n<p>La C\u00e1mara de Diputados inici\u00f3 la discusi\u00f3n de la Ley Federal de Derechos, primera del Paquete Econ\u00f3mico propuesto por el presidente Andr\u00e9s Manuel L\u00f3pez Obrador para 2023.<\/p>\n\n\n\n<p>Sin modificaci\u00f3n alguna al proyecto presidencial, el dictamen de la Comisi\u00f3n de Hacienda prev\u00e9 la actualizaci\u00f3n de los cobros por la prestaci\u00f3n de los servicios consulares, migratorios, aduanales, aeroportuarios, ferroviarios y en materia del espectro radioel\u00e9ctrico, entre otros.<\/p>\n\n\n\n<blockquote class=\"wp-block-quote is-layout-flow wp-block-quote-is-layout-flow\"><p>\u201cCon el presente dictamen, se actualiza la Ley Federal de Derechos para guardar paridad con los costos de los procesos de las dependencias y entidades de la administraci\u00f3n p\u00fablica federal, que erogan en beneficio de ciudadanos con el objetivo de hacer m\u00e1s \u00e1giles, eficientes y de mayor calidad los servicios prestados\u201d, se\u00f1al\u00f3 la legisladora morenista, Ana Elizabeth Ayala, a fundamentar el dictamen.<\/p><\/blockquote>\n\n\n\n<p>No obstante, la panista Patricia Terrazas advirti\u00f3 que la Ley Federal de Derechos para 2023 encarece insumos esenciales en materia del espectro radioel\u00e9ctrico, derechos mineros, derechos por conectividad y la operaci\u00f3n m\u00f3vil, entre otros.<\/p>\n\n\n\n<blockquote class=\"wp-block-quote is-layout-flow wp-block-quote-is-layout-flow\"><p>\u201cEn estos ya cuatro a\u00f1os, la mayor\u00eda oficialista en esta c\u00e1mara no analiza, solo repiten l\u00edneas que dicen que no hay nuevos impuestos; el aumento se disfraza de actualizaci\u00f3n, pues si no fuera as\u00ed, \u00bfc\u00f3mo explicamos que los ingresos derivados de la Ley de Derechos son 21 por ciento de aumento respecto al a\u00f1o anterior y la inflaci\u00f3n de 9 por ciento?\u201d, puntualiz\u00f3.<\/p><\/blockquote>\n\n\n\n<p>Por el PRD, el diputado Marcelino Casta\u00f1eda acus\u00f3 al gobierno federal y a la mayor\u00eda parlamentaria de Morena de perfilar a M\u00e9xico hacia \u201cun terrorismo fiscal para llegar a la dictadura\u201d.<\/p>\n\n\n\n<blockquote class=\"wp-block-quote is-layout-flow wp-block-quote-is-layout-flow\"><p>\u201cLas modificaciones a la Ley de Derechos tienen como \u00fanico fin encontrar otras fuentes de ingresos para cumplir los caprichos presidenciales que son excesivamente caros, y con s\u00f3lo impuesto y deuda, no se puede cumplir. Nos hubiera gustado ver en la propuesta una ampliaci\u00f3n de gratuidad para la entrada a recintos arqueol\u00f3gicos y museos, pero la mayor\u00eda tiene la instrucci\u00f3n de cumplir a su jefe y dejar intacto, sin modificaciones, este documento\u201d, remarc\u00f3.<\/p><\/blockquote>\n\n\n\n<p>Adem\u00e1s de la Ley Federal de Derechos, el pleno de la C\u00e1mara de Diputados prev\u00e9 discutir y votar hoy mismo la Ley de Ingresos 2023, justo al l\u00edmite del plazo para ese efecto.<\/p>\n\n\n\n<p>Fuente: <a href=\"https:\/\/www.milenio.com\/politica\/camara-diputados-debate-paquete-economico-2023\" data-type=\"URL\" data-id=\"https:\/\/www.milenio.com\/politica\/camara-diputados-debate-paquete-economico-2023\">Milenio<\/a><\/p>\n","protected":false},"excerpt":{"rendered":"<p>La C\u00e1mara de Diputados inici\u00f3 la discusi\u00f3n de la Ley Federal de Derechos, primera del Paquete Econ\u00f3mico propuesto por el presidente Andr\u00e9s Manuel L\u00f3pez Obrador para 2023. Sin modificaci\u00f3n alguna al proyecto presidencial, el dictamen de la Comisi\u00f3n de Hacienda prev\u00e9 la actualizaci\u00f3n de los cobros por la prestaci\u00f3n de los servicios consulares, migratorios, aduanales, [&hellip;]<\/p>\n","protected":false},"author":35,"featured_media":23264,"comment_status":"open","ping_status":"open","sticky":false,"template":"","format":"standard","meta":{"_monsterinsights_skip_tracking":false,"_monsterinsights_sitenote_active":false,"_monsterinsights_sitenote_note":"","_monsterinsights_sitenote_category":0,"footnotes":""},"categories":[158],"tags":[20389,566,20390],"class_list":["post-79255","post","type-post","status-publish","format-standard","has-post-thumbnail","hentry","category-politica","tag-debaten","tag-diputados","tag-paquete-economico-2023","wp-image-borders"],"amp_enabled":true,"_links":{"self":[{"href":"https:\/\/nvnoticias.mx\/index.php\/wp-json\/wp\/v2\/posts\/79255","targetHints":{"allow":["GET"]}}],"collection":[{"href":"https:\/\/nvnoticias.mx\/index.php\/wp-json\/wp\/v2\/posts"}],"about":[{"href":"https:\/\/nvnoticias.mx\/index.php\/wp-json\/wp\/v2\/types\/post"}],"author":[{"embeddable":true,"href":"https:\/\/nvnoticias.mx\/index.php\/wp-json\/wp\/v2\/users\/35"}],"replies":[{"embeddable":true,"href":"https:\/\/nvnoticias.mx\/index.php\/wp-json\/wp\/v2\/comments?post=79255"}],"version-history":[{"count":1,"href":"https:\/\/nvnoticias.mx\/index.php\/wp-json\/wp\/v2\/posts\/79255\/revisions"}],"predecessor-version":[{"id":79256,"href":"https:\/\/nvnoticias.mx\/index.php\/wp-json\/wp\/v2\/posts\/79255\/revisions\/79256"}],"wp:featuredmedia":[{"embeddable":true,"href":"https:\/\/nvnoticias.mx\/index.php\/wp-json\/wp\/v2\/media\/23264"}],"wp:attachment":[{"href":"https:\/\/nvnoticias.mx\/index.php\/wp-json\/wp\/v2\/media?parent=79255"}],"wp:term":[{"taxonomy":"category","embeddable":true,"href":"https:\/\/nvnoticias.mx\/index.php\/wp-json\/wp\/v2\/categories?post=79255"},{"taxonomy":"post_tag","embeddable":true,"href":"https:\/\/nvnoticias.mx\/index.php\/wp-json\/wp\/v2\/tags?post=79255"}],"curies":[{"name":"wp","href":"https:\/\/api.w.org\/{rel}","templated":true}]}}