{"id":79253,"date":"2022-10-20T14:37:08","date_gmt":"2022-10-20T19:37:08","guid":{"rendered":"https:\/\/nvnoticias.mx\/?p=79253"},"modified":"2022-10-20T14:37:10","modified_gmt":"2022-10-20T19:37:10","slug":"pactan-diputados-elaborar-reforma-electoral","status":"publish","type":"post","link":"https:\/\/nvnoticias.mx\/index.php\/2022\/10\/20\/pactan-diputados-elaborar-reforma-electoral\/","title":{"rendered":"Pactan diputados elaborar reforma electoral"},"content":{"rendered":"\n<p>El coordinador de Morena en la C\u00e1mara de Diputados, Ignacio Mier, inform\u00f3 que la pr\u00f3xima semana comenzar\u00e1 la conformaci\u00f3n de un proyecto de dictamen para una reforma electoral.<\/p>\n\n\n\n<p>En conferencia de prensa, el morenista se\u00f1al\u00f3 que en la Junta de Coordinaci\u00f3n Pol\u00edtica (Jucopo) aprob\u00f3 por unanimidad que las comisiones de Reforma Pol\u00edtica, Puntos Constitucionales y Gobernaci\u00f3n convoquen a sus mesas directivas el martes e inicien la revisi\u00f3n de las 104 iniciativas que hay sobre el tema, entre ellas la del presidente Andr\u00e9s Manuel L\u00f3pez Obrador.<\/p>\n\n\n\n<blockquote class=\"wp-block-quote is-layout-flow wp-block-quote-is-layout-flow\"><p>\u201cSe propuso y fue aprobado por unanimidad, es que vamos a iniciar la confecci\u00f3n de un anteproyecto de dictamen a partir de reuniones de trabajo, no de sesiones que est\u00e1n establecidas en el reglamento. El d\u00eda de ma\u00f1ana las presidencias de las tres comisiones convocar\u00e1n a sus mesas directivas para que se re\u00fanan el martes e inicien la revisi\u00f3n de un documento que tiene clasificadas todas las iniciativas\u201d, dijo el pol\u00edtico.<\/p><\/blockquote>\n\n\n\n<p>Mier indic\u00f3 que las comisiones definir\u00e1n ese martes los tiempos para tener el dictamen, votarlo y pasarlo al pleno de la C\u00e1mara de Diputados.<\/p>\n\n\n\n<p>Ayer, el presidente de la Comisi\u00f3n de Puntos Constitucionales de San L\u00e1zaro, Juan Ramiro Robledo, declar\u00f3 que hab\u00eda identificado que su partido Morena y la oposici\u00f3n coinciden en al menos cuatro planteamientos para conformar la reforma electoral.<\/p>\n\n\n\n<p>El legislador dijo que algunas coincidencias con la oposici\u00f3n se dan en la revisi\u00f3n de los montos de las prerrogativas a partidos pol\u00edticos, el tama\u00f1o de las asambleas legislativas del pa\u00eds (C\u00e1mara de Diputados, Senado y Congresos locales), el costo de los procesos electorales y algunas funciones de los \u00f3rganos electorales, as\u00ed como el uso de la urna electr\u00f3nica en los comicios y tiempo de los spots para campa\u00f1as electorales.<\/p>\n\n\n\n<p>Fuente:<a href=\"https:\/\/www.forbes.com.mx\/siempre-si-diputados-pactan-elaborar-reforma-electoral\/\" data-type=\"URL\" data-id=\"https:\/\/www.forbes.com.mx\/siempre-si-diputados-pactan-elaborar-reforma-electoral\/\"> Forbes<\/a><\/p>\n","protected":false},"excerpt":{"rendered":"<p>El coordinador de Morena en la C\u00e1mara de Diputados, Ignacio Mier, inform\u00f3 que la pr\u00f3xima semana comenzar\u00e1 la conformaci\u00f3n de un proyecto de dictamen para una reforma electoral. En conferencia de prensa, el morenista se\u00f1al\u00f3 que en la Junta de Coordinaci\u00f3n Pol\u00edtica (Jucopo) aprob\u00f3 por unanimidad que las comisiones de Reforma Pol\u00edtica, Puntos Constitucionales y [&hellip;]<\/p>\n","protected":false},"author":35,"featured_media":29206,"comment_status":"open","ping_status":"open","sticky":false,"template":"","format":"standard","meta":{"_monsterinsights_skip_tracking":false,"_monsterinsights_sitenote_active":false,"_monsterinsights_sitenote_note":"","_monsterinsights_sitenote_category":0,"footnotes":""},"categories":[158],"tags":[566,14985,9130,4409],"class_list":["post-79253","post","type-post","status-publish","format-standard","has-post-thumbnail","hentry","category-politica","tag-diputados","tag-elaborar","tag-pactan","tag-reforma-electoral","wp-image-borders"],"amp_enabled":true,"_links":{"self":[{"href":"https:\/\/nvnoticias.mx\/index.php\/wp-json\/wp\/v2\/posts\/79253","targetHints":{"allow":["GET"]}}],"collection":[{"href":"https:\/\/nvnoticias.mx\/index.php\/wp-json\/wp\/v2\/posts"}],"about":[{"href":"https:\/\/nvnoticias.mx\/index.php\/wp-json\/wp\/v2\/types\/post"}],"author":[{"embeddable":true,"href":"https:\/\/nvnoticias.mx\/index.php\/wp-json\/wp\/v2\/users\/35"}],"replies":[{"embeddable":true,"href":"https:\/\/nvnoticias.mx\/index.php\/wp-json\/wp\/v2\/comments?post=79253"}],"version-history":[{"count":1,"href":"https:\/\/nvnoticias.mx\/index.php\/wp-json\/wp\/v2\/posts\/79253\/revisions"}],"predecessor-version":[{"id":79254,"href":"https:\/\/nvnoticias.mx\/index.php\/wp-json\/wp\/v2\/posts\/79253\/revisions\/79254"}],"wp:featuredmedia":[{"embeddable":true,"href":"https:\/\/nvnoticias.mx\/index.php\/wp-json\/wp\/v2\/media\/29206"}],"wp:attachment":[{"href":"https:\/\/nvnoticias.mx\/index.php\/wp-json\/wp\/v2\/media?parent=79253"}],"wp:term":[{"taxonomy":"category","embeddable":true,"href":"https:\/\/nvnoticias.mx\/index.php\/wp-json\/wp\/v2\/categories?post=79253"},{"taxonomy":"post_tag","embeddable":true,"href":"https:\/\/nvnoticias.mx\/index.php\/wp-json\/wp\/v2\/tags?post=79253"}],"curies":[{"name":"wp","href":"https:\/\/api.w.org\/{rel}","templated":true}]}}