{"id":79241,"date":"2022-10-20T14:09:21","date_gmt":"2022-10-20T19:09:21","guid":{"rendered":"https:\/\/nvnoticias.mx\/?p=79241"},"modified":"2022-10-20T14:09:22","modified_gmt":"2022-10-20T19:09:22","slug":"pide-ayuda-para-que-no-le-amputen-la-pierna","status":"publish","type":"post","link":"https:\/\/nvnoticias.mx\/index.php\/2022\/10\/20\/pide-ayuda-para-que-no-le-amputen-la-pierna\/","title":{"rendered":"Pide ayuda para que no le amputen la pierna"},"content":{"rendered":"\n<p><strong>Jes\u00fas Utrilla \/ NV Noticias<\/strong><\/p>\n\n\n\n<p>Erika Garc\u00eda Hern\u00e1ndez tuvo un accidente en noviembre en el que se fractur\u00f3 la pierna y la aseguradora no quiere seguir pagando los gastos m\u00e9dicos, sin embargo, necesita 600 mil pesos para salvar su extremidad.<\/p>\n\n\n\n<p>Necesita tres cirug\u00edas de manera urgente para que no se la amputen por lo cual solicit\u00f3 el apoyo de la comunidad.<\/p>\n\n\n\n<p>En el 2021 sufri\u00f3 un accidente cuando viajaba en la l\u00ednea de autobuses Medher y fueron impactados por un tr\u00e1iler.<\/p>\n\n\n\n<p>Tuvo fractura expuesta de tibia, peron\u00e9, estallamiento de calc\u00e1neo y la asegurado ANA Seguros ya no quiere hacerse responsable de los gastos m\u00e9dicos.<\/p>\n\n\n\n<blockquote class=\"wp-block-quote is-layout-flow wp-block-quote-is-layout-flow\"><p>\u201c<em>Tengo mis fracturas abiertas, no me puedo valer por mi sola, hace un mes el cirujano que me trataba me programo para ingresar al quir\u00f3fano, situaci\u00f3n que no fue autorizada por la compa\u00f1\u00eda asegurador<\/em>a\u201d.\u00a0<\/p><\/blockquote>\n\n\n\n<p>Ya tuvo 10 operaciones, desde noviembre y un especialista puede concluir la reconstrucci\u00f3n de su pierna por lo que necesita el dinero.<\/p>\n\n\n\n<p>Quien quiera ayudarla puede comunicarse al n\u00famero 2291097001 o por medio de sus redes sociales en la que se encuentra como Yanin Lex.<\/p>\n\n\n\n<p>Le van a reconstruir el pie, aun tiene la tibia dislocada y no hay el tratamiento adecuado.<\/p>\n\n\n\n<p>Cada d\u00eda qu\u00e9 pasa se complica m\u00e1s la situaci\u00f3n, pero tiene un diagn\u00f3stico viable para salvarle la pierna.<\/p>\n","protected":false},"excerpt":{"rendered":"<p>Jes\u00fas Utrilla \/ NV Noticias Erika Garc\u00eda Hern\u00e1ndez tuvo un accidente en noviembre en el que se fractur\u00f3 la pierna y la aseguradora no quiere seguir pagando los gastos m\u00e9dicos, sin embargo, necesita 600 mil pesos para salvar su extremidad. Necesita tres cirug\u00edas de manera urgente para que no se la amputen por lo cual [&hellip;]<\/p>\n","protected":false},"author":8,"featured_media":79242,"comment_status":"open","ping_status":"open","sticky":false,"template":"","format":"standard","meta":{"_monsterinsights_skip_tracking":false,"_monsterinsights_sitenote_active":false,"_monsterinsights_sitenote_note":"","_monsterinsights_sitenote_category":0,"footnotes":""},"categories":[154],"tags":[19265,20388],"class_list":["post-79241","post","type-post","status-publish","format-standard","has-post-thumbnail","hentry","category-veracruz","tag-fractura","tag-pierna","wp-image-borders"],"amp_enabled":true,"_links":{"self":[{"href":"https:\/\/nvnoticias.mx\/index.php\/wp-json\/wp\/v2\/posts\/79241","targetHints":{"allow":["GET"]}}],"collection":[{"href":"https:\/\/nvnoticias.mx\/index.php\/wp-json\/wp\/v2\/posts"}],"about":[{"href":"https:\/\/nvnoticias.mx\/index.php\/wp-json\/wp\/v2\/types\/post"}],"author":[{"embeddable":true,"href":"https:\/\/nvnoticias.mx\/index.php\/wp-json\/wp\/v2\/users\/8"}],"replies":[{"embeddable":true,"href":"https:\/\/nvnoticias.mx\/index.php\/wp-json\/wp\/v2\/comments?post=79241"}],"version-history":[{"count":1,"href":"https:\/\/nvnoticias.mx\/index.php\/wp-json\/wp\/v2\/posts\/79241\/revisions"}],"predecessor-version":[{"id":79243,"href":"https:\/\/nvnoticias.mx\/index.php\/wp-json\/wp\/v2\/posts\/79241\/revisions\/79243"}],"wp:featuredmedia":[{"embeddable":true,"href":"https:\/\/nvnoticias.mx\/index.php\/wp-json\/wp\/v2\/media\/79242"}],"wp:attachment":[{"href":"https:\/\/nvnoticias.mx\/index.php\/wp-json\/wp\/v2\/media?parent=79241"}],"wp:term":[{"taxonomy":"category","embeddable":true,"href":"https:\/\/nvnoticias.mx\/index.php\/wp-json\/wp\/v2\/categories?post=79241"},{"taxonomy":"post_tag","embeddable":true,"href":"https:\/\/nvnoticias.mx\/index.php\/wp-json\/wp\/v2\/tags?post=79241"}],"curies":[{"name":"wp","href":"https:\/\/api.w.org\/{rel}","templated":true}]}}