{"id":79236,"date":"2022-10-20T14:00:33","date_gmt":"2022-10-20T19:00:33","guid":{"rendered":"https:\/\/nvnoticias.mx\/?p=79236"},"modified":"2022-10-20T14:00:34","modified_gmt":"2022-10-20T19:00:34","slug":"gp-de-mexico-sera-transmitido-por-television-abierta","status":"publish","type":"post","link":"https:\/\/nvnoticias.mx\/index.php\/2022\/10\/20\/gp-de-mexico-sera-transmitido-por-television-abierta\/","title":{"rendered":"GP de M\u00e9xico ser\u00e1 transmitido por televisi\u00f3n abierta"},"content":{"rendered":"\n<p>La carrera m\u00e1s esperada en la\u00a0temporada 2022\u00a0de la\u00a0F\u00f3rmula Uno\u00a0podr\u00e1 verse en televisi\u00f3n abierta.<\/p>\n\n\n\n<p>M\u00e1s all\u00e1 de que Fox Sports transmitir\u00e1 en su se\u00f1al convencional el\u00a0Gran Premio de M\u00e9xico, a efectuarse el domingo 30 de octubre en el Aut\u00f3dromo Hermanos Rodr\u00edguez, Televisa tambi\u00e9n lo difundir\u00e1 en vivo, en Canal 5.<\/p>\n\n\n\n<p>La prueba en la que\u00a0Sergio P\u00e9rez\u00a0ser\u00e1 local es la \u00fanica de todo el calendario que se ver\u00e1 en vivo por televisi\u00f3n abierta, ya que TUDN suele pasar los Grandes Premios en Canal 9, pero de manera diferida.<\/p>\n\n\n\n<p>De hecho, por\u00a0Canal 5\u00a0podr\u00e1n verse las dos sesiones de pr\u00e1cticas del viernes, la del s\u00e1bado, la clasificaci\u00f3n y la carrera, lo que provocar\u00e1 que m\u00e1s aficionados vean la prueba en la que &#8220;Checo&#8221; buscar\u00e1 el triunfo ante su gente.<\/p>\n\n\n\n<p>Fuente: <a href=\"https:\/\/www.eluniversal.com.mx\/universal-deportes\/f1-gran-premio-de-mexico-sera-transmitido-por-television-abierta\">El Universal<\/a><\/p>\n","protected":false},"excerpt":{"rendered":"<p>La carrera m\u00e1s esperada en la\u00a0temporada 2022\u00a0de la\u00a0F\u00f3rmula Uno\u00a0podr\u00e1 verse en televisi\u00f3n abierta. M\u00e1s all\u00e1 de que Fox Sports transmitir\u00e1 en su se\u00f1al convencional el\u00a0Gran Premio de M\u00e9xico, a efectuarse el domingo 30 de octubre en el Aut\u00f3dromo Hermanos Rodr\u00edguez, Televisa tambi\u00e9n lo difundir\u00e1 en vivo, en Canal 5. La prueba en la que\u00a0Sergio P\u00e9rez\u00a0ser\u00e1 [&hellip;]<\/p>\n","protected":false},"author":8,"featured_media":9214,"comment_status":"open","ping_status":"open","sticky":false,"template":"","format":"standard","meta":{"_monsterinsights_skip_tracking":false,"_monsterinsights_sitenote_active":false,"_monsterinsights_sitenote_note":"","_monsterinsights_sitenote_category":0,"footnotes":""},"categories":[159],"tags":[3699,6611,8343],"class_list":["post-79236","post","type-post","status-publish","format-standard","has-post-thumbnail","hentry","category-deportes","tag-f1","tag-gran-premio-de-mexico","tag-television-abierta","wp-image-borders"],"amp_enabled":true,"_links":{"self":[{"href":"https:\/\/nvnoticias.mx\/index.php\/wp-json\/wp\/v2\/posts\/79236","targetHints":{"allow":["GET"]}}],"collection":[{"href":"https:\/\/nvnoticias.mx\/index.php\/wp-json\/wp\/v2\/posts"}],"about":[{"href":"https:\/\/nvnoticias.mx\/index.php\/wp-json\/wp\/v2\/types\/post"}],"author":[{"embeddable":true,"href":"https:\/\/nvnoticias.mx\/index.php\/wp-json\/wp\/v2\/users\/8"}],"replies":[{"embeddable":true,"href":"https:\/\/nvnoticias.mx\/index.php\/wp-json\/wp\/v2\/comments?post=79236"}],"version-history":[{"count":1,"href":"https:\/\/nvnoticias.mx\/index.php\/wp-json\/wp\/v2\/posts\/79236\/revisions"}],"predecessor-version":[{"id":79237,"href":"https:\/\/nvnoticias.mx\/index.php\/wp-json\/wp\/v2\/posts\/79236\/revisions\/79237"}],"wp:featuredmedia":[{"embeddable":true,"href":"https:\/\/nvnoticias.mx\/index.php\/wp-json\/wp\/v2\/media\/9214"}],"wp:attachment":[{"href":"https:\/\/nvnoticias.mx\/index.php\/wp-json\/wp\/v2\/media?parent=79236"}],"wp:term":[{"taxonomy":"category","embeddable":true,"href":"https:\/\/nvnoticias.mx\/index.php\/wp-json\/wp\/v2\/categories?post=79236"},{"taxonomy":"post_tag","embeddable":true,"href":"https:\/\/nvnoticias.mx\/index.php\/wp-json\/wp\/v2\/tags?post=79236"}],"curies":[{"name":"wp","href":"https:\/\/api.w.org\/{rel}","templated":true}]}}