{"id":79204,"date":"2022-10-20T12:49:59","date_gmt":"2022-10-20T17:49:59","guid":{"rendered":"https:\/\/nvnoticias.mx\/?p=79204"},"modified":"2022-10-20T12:50:00","modified_gmt":"2022-10-20T17:50:00","slug":"ofreceran-quimioterapias-a-bajo-precio-en-veracruz","status":"publish","type":"post","link":"https:\/\/nvnoticias.mx\/index.php\/2022\/10\/20\/ofreceran-quimioterapias-a-bajo-precio-en-veracruz\/","title":{"rendered":"Ofrecer\u00e1n quimioterapias a bajo precio en Veracruz"},"content":{"rendered":"\n<p><strong>Jes\u00fas Utrilla \/ NV Noticias<\/strong><\/p>\n\n\n\n<p>Rosa Isela Luna Ceballos, directora de la cl\u00ednica Sociedad de Metabolismo y Coraz\u00f3n, exhort\u00f3 a las pacientes con c\u00e1ncer a acercarse a la instituci\u00f3n, pues apoyar\u00e1n con quimioterapias a precio de proveedor, para que traten el padecimiento.<\/p>\n\n\n\n<blockquote class=\"wp-block-quote is-layout-flow wp-block-quote-is-layout-flow\"><p>\u201c<em>Vamos a aplicar quimioterapias a precios bajos, solo ser\u00e1 para la recuperaci\u00f3n econ\u00f3mica. La campa\u00f1a ser\u00e1 permanente y es para personas que vivan con c\u00e1ncer. Que se registren con nosotros, demostrar con un documento m\u00e9dico que tienen c\u00e1ncer y va a poder acudir en cualquier momento en lo que resta del a\u00f1o<\/em>\u201d.<\/p><\/blockquote>\n\n\n\n<p>El hospital apoyar\u00e1 a personas con c\u00e1ncer con estudios de laboratorio, las interesadas necesitan registrarse al 2292276934.<\/p>\n\n\n\n<p>El c\u00e1ncer de mama contin\u00faa siendo la principal causa de muerte en mujeres y la detecci\u00f3n oportuna es importante para reducir los \u00edndices de mortalidad.<\/p>\n\n\n\n<p>Para dar a conocer el programa \u201cT\u00fa nos Inspiras\u201d, dirigido a pacientes con c\u00e1ncer, el s\u00e1bado 22 de octubre, el hospital SOMECO realizar\u00e1 el evento conmemorativo al \u201cD\u00eda Mundial de la Lucha contra el C\u00e1ncer de Mama\u201d.<\/p>\n\n\n\n<p>El hospital se ubica en Sabino 155, esquina avenida \u00c1rbol, en la Reserva Tarimoya II.<br>Se hablar\u00e1 de nuevas alternativas en el tratamiento de la enfermedad, circuitos para la atenci\u00f3n oportuna y habr\u00e1 entrega de premios.<\/p>\n","protected":false},"excerpt":{"rendered":"<p>Jes\u00fas Utrilla \/ NV Noticias Rosa Isela Luna Ceballos, directora de la cl\u00ednica Sociedad de Metabolismo y Coraz\u00f3n, exhort\u00f3 a las pacientes con c\u00e1ncer a acercarse a la instituci\u00f3n, pues apoyar\u00e1n con quimioterapias a precio de proveedor, para que traten el padecimiento. \u201cVamos a aplicar quimioterapias a precios bajos, solo ser\u00e1 para la recuperaci\u00f3n econ\u00f3mica. [&hellip;]<\/p>\n","protected":false},"author":8,"featured_media":79206,"comment_status":"open","ping_status":"open","sticky":false,"template":"","format":"standard","meta":{"_monsterinsights_skip_tracking":false,"_monsterinsights_sitenote_active":false,"_monsterinsights_sitenote_note":"","_monsterinsights_sitenote_category":0,"footnotes":""},"categories":[154],"tags":[19403,180],"class_list":["post-79204","post","type-post","status-publish","format-standard","has-post-thumbnail","hentry","category-veracruz","tag-quimioterapias","tag-veracruz","wp-image-borders"],"amp_enabled":true,"_links":{"self":[{"href":"https:\/\/nvnoticias.mx\/index.php\/wp-json\/wp\/v2\/posts\/79204","targetHints":{"allow":["GET"]}}],"collection":[{"href":"https:\/\/nvnoticias.mx\/index.php\/wp-json\/wp\/v2\/posts"}],"about":[{"href":"https:\/\/nvnoticias.mx\/index.php\/wp-json\/wp\/v2\/types\/post"}],"author":[{"embeddable":true,"href":"https:\/\/nvnoticias.mx\/index.php\/wp-json\/wp\/v2\/users\/8"}],"replies":[{"embeddable":true,"href":"https:\/\/nvnoticias.mx\/index.php\/wp-json\/wp\/v2\/comments?post=79204"}],"version-history":[{"count":1,"href":"https:\/\/nvnoticias.mx\/index.php\/wp-json\/wp\/v2\/posts\/79204\/revisions"}],"predecessor-version":[{"id":79207,"href":"https:\/\/nvnoticias.mx\/index.php\/wp-json\/wp\/v2\/posts\/79204\/revisions\/79207"}],"wp:featuredmedia":[{"embeddable":true,"href":"https:\/\/nvnoticias.mx\/index.php\/wp-json\/wp\/v2\/media\/79206"}],"wp:attachment":[{"href":"https:\/\/nvnoticias.mx\/index.php\/wp-json\/wp\/v2\/media?parent=79204"}],"wp:term":[{"taxonomy":"category","embeddable":true,"href":"https:\/\/nvnoticias.mx\/index.php\/wp-json\/wp\/v2\/categories?post=79204"},{"taxonomy":"post_tag","embeddable":true,"href":"https:\/\/nvnoticias.mx\/index.php\/wp-json\/wp\/v2\/tags?post=79204"}],"curies":[{"name":"wp","href":"https:\/\/api.w.org\/{rel}","templated":true}]}}