{"id":79098,"date":"2022-10-19T14:32:18","date_gmt":"2022-10-19T19:32:18","guid":{"rendered":"https:\/\/nvnoticias.mx\/?p=79098"},"modified":"2022-10-19T14:32:20","modified_gmt":"2022-10-19T19:32:20","slug":"dafne-quintero-gana-el-premio-estatal-del-deporte-2022","status":"publish","type":"post","link":"https:\/\/nvnoticias.mx\/index.php\/2022\/10\/19\/dafne-quintero-gana-el-premio-estatal-del-deporte-2022\/","title":{"rendered":"Dafne Quintero gana el premio Estatal del Deporte 2022"},"content":{"rendered":"\n<p>Se llev\u00f3 a cabo la elecci\u00f3n de los ganadores del Premio Estatal del Deporte 2022, en sus diferentes categor\u00edas, ceremonia en la que el Jurado decidi\u00f3 otorg\u00e1rselo en esta edici\u00f3n, a Dafne Valeria Quintero Garc\u00eda y a Luis Eduardo Garc\u00eda Garza como Atleta Absoluto y Entrenador Absoluto, de manera respectiva, ambos son de la disciplina de tiro con arco.<\/p>\n\n\n\n<p>Fueron m\u00e1s de 100 las propuestas que se recibieron para las diferentes categor\u00edas, luego de la convocatoria emitida el pasado 7 de septiembre por parte de la Secretar\u00eda de Educaci\u00f3n de Coahuila a trav\u00e9s del Instituto Estatal del Deporte de Coahuila. <\/p>\n\n\n\n<p>Este Premio Estatal del Deporte se entrega con el prop\u00f3sito de reconocer la excelencia en el deporte de individuos, organismos, instituciones, asociaciones, sociedades y entidades de promoci\u00f3n deportiva. <\/p>\n\n\n\n<p>Para la elecci\u00f3n de los ganadores de las diferentes categor\u00edas, el jurado calificador analiz\u00f3 la relevancia y trayectoria del atleta, equipo o grupo, as\u00ed como sus resultados en las diferentes competencias en las que particip\u00f3 durante el periodo comprendido del 11 de octubre de 2021 al 11 de octubre de 2022 a nivel estatal, nacional e internacional. <\/p>\n\n\n\n<p>Previo a la ceremonia de elecci\u00f3n de los ganadores del Premio Estatal del Deporte 2022, Alina Idalia Garza Herrera, directora general del Inedec, brind\u00f3 un mensaje de bienvenida y de inicio de esta sesi\u00f3n. Estuvo acompa\u00f1ada por Mar\u00eda Adam Tovar, sub directora de Cultura F\u00edsica y Deporte; Ana Cabello B\u00e1ez, encargada del despacho de la Direcci\u00f3n de Calidad en el Deporte; Antonio Vera Soriano, coordinador de Asuntos Jur\u00eddicos. <\/p>\n\n\n\n<p>Luis Alfonso Garc\u00eda Rend\u00f3n, Notario P\u00fablico n\u00famero 40, dio fe y legalidad a este proceso. <\/p>\n\n\n\n<p>Estos son los Ganadores del Premio Estatal del Deporte 2022: <\/p>\n\n\n\n<ul class=\"wp-block-list\"><li><strong>Atleta Absoluto<\/strong> &#8211;\u00a0Dafne Valeria Quintero Garc\u00eda (Tiro con Arco) <\/li><li><strong>Entrenador Absoluto<\/strong> &#8211;\u00a0Luis Eduardo Garc\u00eda Garza (Tiro con Arco) <\/li><li><strong>Protecci\u00f3n e Impulso de la Practica de los Deportes<\/strong> &#8211;\u00a0C\u00e9sar Olvera Ur\u00edas (Nataci\u00f3n) <\/li><li><strong>Atleta Veterano<\/strong> &#8211;\u00a0Sergio Antonio Aldape Garza (Taekwondo) <\/li><li><strong>Atleta Infantil y Juvenil Convencional<\/strong> &#8211;\u00a0Jimena Renata de la Pe\u00f1a Schott (Triatl\u00f3n) <\/li><li><strong>Atleta Infantil y Juvenil Adaptado<\/strong> &#8211;\u00a0Montserrath Castruita Pe\u00f1a (Para nataci\u00f3n) <\/li><li><strong>Trayectoria Deportiva Entrenador<\/strong> &#8211;\u00a0Salvador Alc\u00e1zar Aguilar (F\u00edsicoconstructivismo) <\/li><li><strong>Trayectoria Deportiva Atleta<\/strong> &#8211;\u00a0Jos\u00fae Roberto L\u00f3ez Rodr\u00edguez (Front\u00f3n) <\/li><\/ul>\n\n\n\n<p>Fuente: <a href=\"https:\/\/www.milenio.com\/deportes\/mas-aficion\/premio-deporte-coahuila-2022-dafne-quintero-premio-absoluto\">Milenio<\/a><\/p>\n","protected":false},"excerpt":{"rendered":"<p>Se llev\u00f3 a cabo la elecci\u00f3n de los ganadores del Premio Estatal del Deporte 2022, en sus diferentes categor\u00edas, ceremonia en la que el Jurado decidi\u00f3 otorg\u00e1rselo en esta edici\u00f3n, a Dafne Valeria Quintero Garc\u00eda y a Luis Eduardo Garc\u00eda Garza como Atleta Absoluto y Entrenador Absoluto, de manera respectiva, ambos son de la disciplina [&hellip;]<\/p>\n","protected":false},"author":8,"featured_media":79099,"comment_status":"open","ping_status":"open","sticky":false,"template":"","format":"standard","meta":{"_monsterinsights_skip_tracking":false,"_monsterinsights_sitenote_active":false,"_monsterinsights_sitenote_note":"","_monsterinsights_sitenote_category":0,"footnotes":""},"categories":[159],"tags":[1493,20362,20363],"class_list":["post-79098","post","type-post","status-publish","format-standard","has-post-thumbnail","hentry","category-deportes","tag-1493","tag-dafne-quintero","tag-premio-estatal-del-deportes","wp-image-borders"],"amp_enabled":true,"_links":{"self":[{"href":"https:\/\/nvnoticias.mx\/index.php\/wp-json\/wp\/v2\/posts\/79098","targetHints":{"allow":["GET"]}}],"collection":[{"href":"https:\/\/nvnoticias.mx\/index.php\/wp-json\/wp\/v2\/posts"}],"about":[{"href":"https:\/\/nvnoticias.mx\/index.php\/wp-json\/wp\/v2\/types\/post"}],"author":[{"embeddable":true,"href":"https:\/\/nvnoticias.mx\/index.php\/wp-json\/wp\/v2\/users\/8"}],"replies":[{"embeddable":true,"href":"https:\/\/nvnoticias.mx\/index.php\/wp-json\/wp\/v2\/comments?post=79098"}],"version-history":[{"count":1,"href":"https:\/\/nvnoticias.mx\/index.php\/wp-json\/wp\/v2\/posts\/79098\/revisions"}],"predecessor-version":[{"id":79100,"href":"https:\/\/nvnoticias.mx\/index.php\/wp-json\/wp\/v2\/posts\/79098\/revisions\/79100"}],"wp:featuredmedia":[{"embeddable":true,"href":"https:\/\/nvnoticias.mx\/index.php\/wp-json\/wp\/v2\/media\/79099"}],"wp:attachment":[{"href":"https:\/\/nvnoticias.mx\/index.php\/wp-json\/wp\/v2\/media?parent=79098"}],"wp:term":[{"taxonomy":"category","embeddable":true,"href":"https:\/\/nvnoticias.mx\/index.php\/wp-json\/wp\/v2\/categories?post=79098"},{"taxonomy":"post_tag","embeddable":true,"href":"https:\/\/nvnoticias.mx\/index.php\/wp-json\/wp\/v2\/tags?post=79098"}],"curies":[{"name":"wp","href":"https:\/\/api.w.org\/{rel}","templated":true}]}}