{"id":79031,"date":"2022-10-19T11:20:57","date_gmt":"2022-10-19T16:20:57","guid":{"rendered":"https:\/\/nvnoticias.mx\/?p=79031"},"modified":"2022-10-19T11:20:57","modified_gmt":"2022-10-19T16:20:57","slug":"se-apuntan-ruiz-massieu-y-de-la-madrid-para-competir-en-2024","status":"publish","type":"post","link":"https:\/\/nvnoticias.mx\/index.php\/2022\/10\/19\/se-apuntan-ruiz-massieu-y-de-la-madrid-para-competir-en-2024\/","title":{"rendered":"Se apuntan Ruiz Massieu y De la Madrid para competir en 2024"},"content":{"rendered":"\n<p>En el segundo y \u00faltimo d\u00eda de trabajo del foro Di\u00e1logos por M\u00e9xico, dos de los cuatro participantes reafirmaron sus aspiraciones presidenciales y coincidieron en que el PRI debe ser humilde, reconocer sus errores, no repetirlos y buscar alianzas, pues no pueden ir solos en 2024.<\/p>\n\n\n\n<p>La senadora priista Claudia Ruiz Massieu Salinas reiter\u00f3 que buscar\u00e1 ser candidata presidencial y critic\u00f3 duramente a su partido. Afirm\u00f3 que hoy la sociedad est\u00e1 des- ilusionada del tricolor.<\/p>\n\n\n\n<p>Indic\u00f3 que hoy el PRI utiliza la institucionalidad como una excusa para quedarse callado, simula, reparte cuotas y opera en favor de los intereses de unos cuantos, por lo que llam\u00f3 incluso a renovar la dirigencia nacional encabezada por Alejandro Moreno C\u00e1rdenas.<\/p>\n\n\n\n<blockquote class=\"wp-block-quote is-layout-flow wp-block-quote-is-layout-flow\"><p>\u201cLa dirigencia nacional del partido debe convocar a una elecci\u00f3n anticipada que pueda acompa\u00f1ar en esta nueva etapa de la alianza, sobre todo cuando son los liderazgos de los otros partidos los que han dicho que necesitan otros interlocutores para poder pensar en esa nueva etapa\u201d, dijo.<\/p><\/blockquote>\n\n\n\n<p>La legisladora expuso que los mexicanos quieren una oposici\u00f3n que no se doble y que no se venda, y para 2024 el PRI no puede llegar solo.<\/p>\n\n\n\n<blockquote class=\"wp-block-quote is-layout-flow wp-block-quote-is-layout-flow\"><p>\u201cEstoy lista, la vida, mi familia y mi partido me dicen que estoy lista para servir a M\u00e9xico, quiero encabezar el proyecto de un M\u00e9xico plural, soy Claudia Ruiz Massieu, no tengo miedo, s\u00ed me atrevo y estoy lista\u201d, sentenci\u00f3.<\/p><\/blockquote>\n\n\n\n<p>El gobernador de Durango, Esteban Villegas, quien no se destap\u00f3, se\u00f1al\u00f3 que su gobierno es el primero en ganar a trav\u00e9s de una \u201calianza real\u201d.<\/p>\n\n\n\n<p>\u201cS\u00ed podemos ganar procesos electorales si nos juntamos, si estamos unidos, si nos quitamos la soberbia, si mantenemos la fuerza, porque el PRI es m\u00e1s que cualquier persona y m\u00e1s que cualquier grupo pol\u00edtico. En el PRI todos somos iguales y les vamos a demostrar de qu\u00e9 estamos hechos\u201d, subray\u00f3.<\/p>\n\n\n\n<p>Enrique de la Madrid asever\u00f3: \u201cS\u00ed aspiro a la candidatura presidencial\u201d, pero advirti\u00f3 que s\u00f3lo a trav\u00e9s de una alianza opositora.<\/p>\n\n\n\n<blockquote class=\"wp-block-quote is-layout-flow wp-block-quote-is-layout-flow\"><p>\u201cJuntos s\u00ed podemos, necesitamos formar un gobierno de coalici\u00f3n en el que cabemos todos, es as\u00ed como podemos salvar a M\u00e9xico, lo que est\u00e1 en juego es el pa\u00eds\u201d, indic\u00f3 el exsecretario de Turismo. Reconoci\u00f3 que el PRI del pasado \u201cno fue capaz de reducir la brecha de la pobreza, no fue capaz de enfrentar exitosamente a la delincuencia y fue omiso al tolerar actos de corrupci\u00f3n\u201d.<\/p><\/blockquote>\n\n\n\n<p>El gobernador de Coahuila, Miguel Riquelme, explic\u00f3 que el PRI est\u00e1 ante la oportunidad hist\u00f3rica de establecer un di\u00e1logo abierto y franco \u201cpara aportar entre todos una f\u00f3rmula que nos permita convencer al electorado que necesitamos corregir el rumbo\u201d.<\/p>\n\n\n\n<p>Dijo que el pa\u00eds requiere un PRI unido, \u201cme queda perfectamente claro que mi tarea es morirme en la raya para entregar el estado a un priista\u201d.<\/p>\n\n\n\n<p>Fuente: <a href=\"https:\/\/www.eluniversal.com.mx\/nacion\/ruiz-massieu-y-de-la-madrid-se-apuntan-para-competir-en-2024\" data-type=\"URL\" data-id=\"https:\/\/www.eluniversal.com.mx\/nacion\/ruiz-massieu-y-de-la-madrid-se-apuntan-para-competir-en-2024\">El Universal<\/a><\/p>\n","protected":false},"excerpt":{"rendered":"<p>En el segundo y \u00faltimo d\u00eda de trabajo del foro Di\u00e1logos por M\u00e9xico, dos de los cuatro participantes reafirmaron sus aspiraciones presidenciales y coincidieron en que el PRI debe ser humilde, reconocer sus errores, no repetirlos y buscar alianzas, pues no pueden ir solos en 2024. La senadora priista Claudia Ruiz Massieu Salinas reiter\u00f3 que [&hellip;]<\/p>\n","protected":false},"author":35,"featured_media":50230,"comment_status":"open","ping_status":"open","sticky":false,"template":"","format":"standard","meta":{"_monsterinsights_skip_tracking":false,"_monsterinsights_sitenote_active":false,"_monsterinsights_sitenote_note":"","_monsterinsights_sitenote_category":0,"footnotes":""},"categories":[158],"tags":[16193,20343,16525,1058,208,20342],"class_list":["post-79031","post","type-post","status-publish","format-standard","has-post-thumbnail","hentry","category-politica","tag-claudia-ruiz-massieu","tag-compertir","tag-enrique-de-la-madrid","tag-presidencia","tag-pri","tag-se-apuntan","wp-image-borders"],"amp_enabled":true,"_links":{"self":[{"href":"https:\/\/nvnoticias.mx\/index.php\/wp-json\/wp\/v2\/posts\/79031","targetHints":{"allow":["GET"]}}],"collection":[{"href":"https:\/\/nvnoticias.mx\/index.php\/wp-json\/wp\/v2\/posts"}],"about":[{"href":"https:\/\/nvnoticias.mx\/index.php\/wp-json\/wp\/v2\/types\/post"}],"author":[{"embeddable":true,"href":"https:\/\/nvnoticias.mx\/index.php\/wp-json\/wp\/v2\/users\/35"}],"replies":[{"embeddable":true,"href":"https:\/\/nvnoticias.mx\/index.php\/wp-json\/wp\/v2\/comments?post=79031"}],"version-history":[{"count":1,"href":"https:\/\/nvnoticias.mx\/index.php\/wp-json\/wp\/v2\/posts\/79031\/revisions"}],"predecessor-version":[{"id":79032,"href":"https:\/\/nvnoticias.mx\/index.php\/wp-json\/wp\/v2\/posts\/79031\/revisions\/79032"}],"wp:featuredmedia":[{"embeddable":true,"href":"https:\/\/nvnoticias.mx\/index.php\/wp-json\/wp\/v2\/media\/50230"}],"wp:attachment":[{"href":"https:\/\/nvnoticias.mx\/index.php\/wp-json\/wp\/v2\/media?parent=79031"}],"wp:term":[{"taxonomy":"category","embeddable":true,"href":"https:\/\/nvnoticias.mx\/index.php\/wp-json\/wp\/v2\/categories?post=79031"},{"taxonomy":"post_tag","embeddable":true,"href":"https:\/\/nvnoticias.mx\/index.php\/wp-json\/wp\/v2\/tags?post=79031"}],"curies":[{"name":"wp","href":"https:\/\/api.w.org\/{rel}","templated":true}]}}