{"id":78911,"date":"2022-10-18T13:35:03","date_gmt":"2022-10-18T18:35:03","guid":{"rendered":"https:\/\/nvnoticias.mx\/?p=78911"},"modified":"2022-10-18T13:35:04","modified_gmt":"2022-10-18T18:35:04","slug":"acuerda-amlo-con-walmart-hacer-lo-posible-para-bajar-inflacion","status":"publish","type":"post","link":"https:\/\/nvnoticias.mx\/index.php\/2022\/10\/18\/acuerda-amlo-con-walmart-hacer-lo-posible-para-bajar-inflacion\/","title":{"rendered":"Acuerda AMLO con Walmart hacer lo posible para bajar inflaci\u00f3n"},"content":{"rendered":"\n<p>El presidente Andr\u00e9s Manuel L\u00f3pez Obrador se reuni\u00f3 con Judith McKenna, presidenta y directora ejecutiva de Walmart Internacional con quien acord\u00f3 \u201chacer todo lo posible\u201d<strong>&nbsp;para bajar la inflaci\u00f3n en alimentos.<\/strong><\/p>\n\n\n\n<p>A trav\u00e9s de sus redes sociales, el mandatario dijo que las ventas de esta empresa significan el\u00a0<strong>25 por ciento del comercio minorista en M\u00e9xico.<\/strong><\/p>\n\n\n\n<blockquote class=\"wp-block-quote is-layout-flow wp-block-quote-is-layout-flow\"><p>\u201cConversamos con Judith McKenna, presidenta y directora ejecutiva de Walmart Internacional. El acuerdo fue hacer todo lo posible para bajar la inflaci\u00f3n en alimentos. Las ventas de esta empresa equivalen al 25 por ciento del comercio minorista del pa\u00eds\u201d, public\u00f3.<\/p><\/blockquote>\n\n\n\n<p>Ayer, L\u00f3pez Obrador pidi\u00f3 hablar con Walmart, Chedrahui y Soriana porque la canasta de 24 productos b\u00e1sicos acordada en el acuerdo contra la inflaci\u00f3n&nbsp;<strong>rebasa los mil 39 pesos acordados en el plan contra la inflaci\u00f3n.&nbsp;<\/strong><\/p>\n\n\n\n<p>Sin embargo, consider\u00f3 que<strong>\u00a0los empresarios participantes en el acuerdo van a cumplir.<\/strong><\/p>\n\n\n\n<p>Fuente: <a href=\"https:\/\/www.milenio.com\/politica\/amlo-acuerda-con-walmart-hacer-lo-posible-para-bajar-inflacion\" data-type=\"URL\" data-id=\"https:\/\/www.milenio.com\/politica\/amlo-acuerda-con-walmart-hacer-lo-posible-para-bajar-inflacion\">Milenio<\/a><\/p>\n","protected":false},"excerpt":{"rendered":"<p>El presidente Andr\u00e9s Manuel L\u00f3pez Obrador se reuni\u00f3 con Judith McKenna, presidenta y directora ejecutiva de Walmart Internacional con quien acord\u00f3 \u201chacer todo lo posible\u201d&nbsp;para bajar la inflaci\u00f3n en alimentos. A trav\u00e9s de sus redes sociales, el mandatario dijo que las ventas de esta empresa significan el\u00a025 por ciento del comercio minorista en M\u00e9xico. \u201cConversamos [&hellip;]<\/p>\n","protected":false},"author":35,"featured_media":70261,"comment_status":"open","ping_status":"open","sticky":false,"template":"","format":"standard","meta":{"_monsterinsights_skip_tracking":false,"_monsterinsights_sitenote_active":false,"_monsterinsights_sitenote_note":"","_monsterinsights_sitenote_category":0,"footnotes":""},"categories":[157],"tags":[14984,188,11946,2978,2383],"class_list":["post-78911","post","type-post","status-publish","format-standard","has-post-thumbnail","hentry","category-nacional","tag-acuerda","tag-amlo","tag-bajar","tag-inflacion","tag-walmart","wp-image-borders"],"amp_enabled":true,"_links":{"self":[{"href":"https:\/\/nvnoticias.mx\/index.php\/wp-json\/wp\/v2\/posts\/78911","targetHints":{"allow":["GET"]}}],"collection":[{"href":"https:\/\/nvnoticias.mx\/index.php\/wp-json\/wp\/v2\/posts"}],"about":[{"href":"https:\/\/nvnoticias.mx\/index.php\/wp-json\/wp\/v2\/types\/post"}],"author":[{"embeddable":true,"href":"https:\/\/nvnoticias.mx\/index.php\/wp-json\/wp\/v2\/users\/35"}],"replies":[{"embeddable":true,"href":"https:\/\/nvnoticias.mx\/index.php\/wp-json\/wp\/v2\/comments?post=78911"}],"version-history":[{"count":1,"href":"https:\/\/nvnoticias.mx\/index.php\/wp-json\/wp\/v2\/posts\/78911\/revisions"}],"predecessor-version":[{"id":78912,"href":"https:\/\/nvnoticias.mx\/index.php\/wp-json\/wp\/v2\/posts\/78911\/revisions\/78912"}],"wp:featuredmedia":[{"embeddable":true,"href":"https:\/\/nvnoticias.mx\/index.php\/wp-json\/wp\/v2\/media\/70261"}],"wp:attachment":[{"href":"https:\/\/nvnoticias.mx\/index.php\/wp-json\/wp\/v2\/media?parent=78911"}],"wp:term":[{"taxonomy":"category","embeddable":true,"href":"https:\/\/nvnoticias.mx\/index.php\/wp-json\/wp\/v2\/categories?post=78911"},{"taxonomy":"post_tag","embeddable":true,"href":"https:\/\/nvnoticias.mx\/index.php\/wp-json\/wp\/v2\/tags?post=78911"}],"curies":[{"name":"wp","href":"https:\/\/api.w.org\/{rel}","templated":true}]}}