{"id":789,"date":"2021-01-09T08:26:25","date_gmt":"2021-01-09T14:26:25","guid":{"rendered":"https:\/\/nvnoticias.mx\/?p=789"},"modified":"2021-01-09T08:28:04","modified_gmt":"2021-01-09T14:28:04","slug":"se-registra-incendio-en-centro-de-control-del-metro-reportan-un-muerto","status":"publish","type":"post","link":"https:\/\/nvnoticias.mx\/index.php\/2021\/01\/09\/se-registra-incendio-en-centro-de-control-del-metro-reportan-un-muerto\/","title":{"rendered":"Se registra incendio en centro de control del Metro; reportan un muerto"},"content":{"rendered":"\n<p>Cerca de las 5:40 de la ma\u00f1ana de este s\u00e1bado las alarmas contra incendios comenzaron a sonar en las instalaciones del\u00a0Sistema de Transporte Colectivo Metro, ubicadas en la calle Delicias colonia Centro, el cual inici\u00f3 desde el cuarto piso.<\/p>\n\n\n\n<p>Reportes policiales refieren que en los pisos 4 y 5 se encuentran personas atrapadas.<\/p>\n\n\n\n<p>Al lugar 60 bomberos comenzaron los trabajos para detener el fuego de gran dimensi\u00f3n.<\/p>\n\n\n\n<p>Cerca de las 06:30 de la ma\u00f1ana, se confirm\u00f3 la muerte de la polic\u00eda del sector U de la PBI, Mar\u00eda Guadalupe, quien se arroj\u00f3 del\u00a0cuarto piso del edificio en llamas, por la desesperaci\u00f3n de no poder escapar.<\/p>\n\n\n\n<p>El Metro inform\u00f3 que debido al incendio, las L\u00edneas\u00a0<strong>1, 2, 3, 4, 5 y 6 se encuentran moment\u00e1neamente fuera de servicio<\/strong>.<\/p>\n\n\n\n<figure class=\"wp-block-embed is-type-rich is-provider-twitter wp-block-embed-twitter\"><div class=\"wp-block-embed__wrapper\">\n<blockquote class=\"twitter-tweet\" data-width=\"550\" data-dnt=\"true\"><p lang=\"es\" dir=\"ltr\">Se reporta incendio en una subestaci\u00f3n el\u00e9ctrica en instalaciones del <a href=\"https:\/\/twitter.com\/MetroCDMX?ref_src=twsrc%5Etfw\">@MetroCDMX<\/a> en la colonia Centro, <a href=\"https:\/\/twitter.com\/AlcCuauhtemocMx?ref_src=twsrc%5Etfw\">@AlcCuauhtemocMx<\/a>, <a href=\"https:\/\/twitter.com\/hashtag\/CDMX?src=hash&amp;ref_src=twsrc%5Etfw\">#CDMX<\/a>. <br><br>????????Al momento no se reportan personas lesionadas, ni evacuados.<br><br>????????Cuerpos de emergencia laboran en el control del fuego. <a href=\"https:\/\/t.co\/zdG9bx1qIT\">pic.twitter.com\/zdG9bx1qIT<\/a><\/p>&mdash; Protecci\u00f3n Civil M\u00e9xico (@CNPC_MX) <a href=\"https:\/\/twitter.com\/CNPC_MX\/status\/1347890451605573633?ref_src=twsrc%5Etfw\">January 9, 2021<\/a><\/blockquote><script async src=\"https:\/\/platform.twitter.com\/widgets.js\" charset=\"utf-8\"><\/script>\n<\/div><\/figure>\n\n\n\n<p>La\u00a0Secretar\u00eda de Gesti\u00f3n Integral de Riesgos y Protecci\u00f3n Civil\u00a0inform\u00f3 que el incendio se deriv\u00f3 por el\u00a0derrame de aceite\u00a0en cuatro transformadores que alientan energ\u00eda a las L\u00edneas 2 y 4 del STC Metro.<\/p>\n\n\n\n<p>La dependencia se\u00f1al\u00f3 que todo el edificio en su parte baja se encuentra en riesgo, pues presenta carga de fuego.<\/p>\n\n\n\n<p>Fuente: El Universal<\/p>\n","protected":false},"excerpt":{"rendered":"<p>Cerca de las 5:40 de la ma\u00f1ana de este s\u00e1bado las alarmas contra incendios comenzaron a sonar en las instalaciones del\u00a0Sistema de Transporte Colectivo Metro, ubicadas en la calle Delicias colonia Centro, el cual inici\u00f3 desde el cuarto piso. Reportes policiales refieren que en los pisos 4 y 5 se encuentran personas atrapadas. Al lugar [&hellip;]<\/p>\n","protected":false},"author":6,"featured_media":790,"comment_status":"open","ping_status":"open","sticky":false,"template":"","format":"standard","meta":{"_monsterinsights_skip_tracking":false,"_monsterinsights_sitenote_active":false,"_monsterinsights_sitenote_note":"","_monsterinsights_sitenote_category":0,"footnotes":""},"categories":[157],"tags":[307,310,309,162],"class_list":["post-789","post","type-post","status-publish","format-standard","has-post-thumbnail","hentry","category-nacional","tag-cdmx","tag-incendio","tag-metro","tag-portada","wp-image-borders"],"amp_enabled":true,"_links":{"self":[{"href":"https:\/\/nvnoticias.mx\/index.php\/wp-json\/wp\/v2\/posts\/789","targetHints":{"allow":["GET"]}}],"collection":[{"href":"https:\/\/nvnoticias.mx\/index.php\/wp-json\/wp\/v2\/posts"}],"about":[{"href":"https:\/\/nvnoticias.mx\/index.php\/wp-json\/wp\/v2\/types\/post"}],"author":[{"embeddable":true,"href":"https:\/\/nvnoticias.mx\/index.php\/wp-json\/wp\/v2\/users\/6"}],"replies":[{"embeddable":true,"href":"https:\/\/nvnoticias.mx\/index.php\/wp-json\/wp\/v2\/comments?post=789"}],"version-history":[{"count":1,"href":"https:\/\/nvnoticias.mx\/index.php\/wp-json\/wp\/v2\/posts\/789\/revisions"}],"predecessor-version":[{"id":791,"href":"https:\/\/nvnoticias.mx\/index.php\/wp-json\/wp\/v2\/posts\/789\/revisions\/791"}],"wp:featuredmedia":[{"embeddable":true,"href":"https:\/\/nvnoticias.mx\/index.php\/wp-json\/wp\/v2\/media\/790"}],"wp:attachment":[{"href":"https:\/\/nvnoticias.mx\/index.php\/wp-json\/wp\/v2\/media?parent=789"}],"wp:term":[{"taxonomy":"category","embeddable":true,"href":"https:\/\/nvnoticias.mx\/index.php\/wp-json\/wp\/v2\/categories?post=789"},{"taxonomy":"post_tag","embeddable":true,"href":"https:\/\/nvnoticias.mx\/index.php\/wp-json\/wp\/v2\/tags?post=789"}],"curies":[{"name":"wp","href":"https:\/\/api.w.org\/{rel}","templated":true}]}}