{"id":78877,"date":"2022-10-18T12:19:33","date_gmt":"2022-10-18T17:19:33","guid":{"rendered":"https:\/\/nvnoticias.mx\/?p=78877"},"modified":"2022-10-18T12:19:35","modified_gmt":"2022-10-18T17:19:35","slug":"el-jueves-se-realizara-el-primer-foro-ciudadano-construyamos-el-carnaval-de-veracruz","status":"publish","type":"post","link":"https:\/\/nvnoticias.mx\/index.php\/2022\/10\/18\/el-jueves-se-realizara-el-primer-foro-ciudadano-construyamos-el-carnaval-de-veracruz\/","title":{"rendered":"El jueves se realizar\u00e1 el Primer Foro Ciudadano Construyamos el Carnaval de Veracruz"},"content":{"rendered":"\n<p><strong>Jes\u00fas Utrilla \/ NV Noticias<\/strong><\/p>\n\n\n\n<p>El jueves 20 de octubre se realizar\u00e1 el Primer Foro Ciudadano \u201cConstruyamos el Carnaval de Veracruz\u201d, con la intenci\u00f3n de recabar ideas que permitan mejorar las fiestas.<\/p>\n\n\n\n<p>El regidor sexto de Morena, Sebastian Cano Rodr\u00edguez, dijo que ser\u00e1n cuatro ejes a tratar: impulso econ\u00f3mico, log\u00edstica, seguridad y e inclusi\u00f3n.<\/p>\n\n\n\n<p>Se pretende recabar planteamientos que mejoren la calidad de la fiesta m\u00e1s importante de la entidad<\/p>\n\n\n\n<p>El documento que se genere se har\u00e1 llegar al comit\u00e9 organizador, para que se tome en cuenta en pr\u00f3ximas ediciones.<\/p>\n\n\n\n<blockquote class=\"wp-block-quote is-layout-flow wp-block-quote-is-layout-flow\"><p>\u201c<em>Se van a tener panelistas y se buscar\u00e1 fortalecer los 4 ejes en los que se basa el foro, como el impulso econ\u00f3mico, log\u00edstica, seguridad y de inclusi\u00f3n. Qu\u00e9 la gente venga con una propuesta pensada para que la presente, nosotros armaremos un plan de trabajo que le haremos llegar al comit\u00e9 y a la alcaldesa<\/em>\u201d.<\/p><\/blockquote>\n\n\n\n<p>Se discutir\u00e1 sobre la implementaci\u00f3n de boletos foliados para otorgar descuentos a los veracruzanos en el costo de las gradas.<\/p>\n\n\n\n<p>Disminuir tiempos en la realizaci\u00f3n de los paseos del carnaval de Veracruz.<\/p>\n\n\n\n<p>Tambi\u00e9n se abordar\u00e1 el tema de la seguridad, para que asistentes y participantes tengan mayor certeza y disfruten de las fiestas.<\/p>\n\n\n\n<p>Dijo que este a\u00f1o ninguno de los contingentes iban acompa\u00f1ados ni de la seguridad p\u00fablica, ni de seguridad privada.<\/p>\n","protected":false},"excerpt":{"rendered":"<p>Jes\u00fas Utrilla \/ NV Noticias El jueves 20 de octubre se realizar\u00e1 el Primer Foro Ciudadano \u201cConstruyamos el Carnaval de Veracruz\u201d, con la intenci\u00f3n de recabar ideas que permitan mejorar las fiestas. El regidor sexto de Morena, Sebastian Cano Rodr\u00edguez, dijo que ser\u00e1n cuatro ejes a tratar: impulso econ\u00f3mico, log\u00edstica, seguridad y e inclusi\u00f3n. Se [&hellip;]<\/p>\n","protected":false},"author":8,"featured_media":78880,"comment_status":"open","ping_status":"open","sticky":false,"template":"","format":"standard","meta":{"_monsterinsights_skip_tracking":false,"_monsterinsights_sitenote_active":false,"_monsterinsights_sitenote_note":"","_monsterinsights_sitenote_category":0,"footnotes":""},"categories":[154],"tags":[20302,20301,180],"class_list":["post-78877","post","type-post","status-publish","format-standard","has-post-thumbnail","hentry","category-veracruz","tag-construyamos-el-carnaval","tag-foro-ciudadano","tag-veracruz","wp-image-borders"],"amp_enabled":true,"_links":{"self":[{"href":"https:\/\/nvnoticias.mx\/index.php\/wp-json\/wp\/v2\/posts\/78877","targetHints":{"allow":["GET"]}}],"collection":[{"href":"https:\/\/nvnoticias.mx\/index.php\/wp-json\/wp\/v2\/posts"}],"about":[{"href":"https:\/\/nvnoticias.mx\/index.php\/wp-json\/wp\/v2\/types\/post"}],"author":[{"embeddable":true,"href":"https:\/\/nvnoticias.mx\/index.php\/wp-json\/wp\/v2\/users\/8"}],"replies":[{"embeddable":true,"href":"https:\/\/nvnoticias.mx\/index.php\/wp-json\/wp\/v2\/comments?post=78877"}],"version-history":[{"count":1,"href":"https:\/\/nvnoticias.mx\/index.php\/wp-json\/wp\/v2\/posts\/78877\/revisions"}],"predecessor-version":[{"id":78881,"href":"https:\/\/nvnoticias.mx\/index.php\/wp-json\/wp\/v2\/posts\/78877\/revisions\/78881"}],"wp:featuredmedia":[{"embeddable":true,"href":"https:\/\/nvnoticias.mx\/index.php\/wp-json\/wp\/v2\/media\/78880"}],"wp:attachment":[{"href":"https:\/\/nvnoticias.mx\/index.php\/wp-json\/wp\/v2\/media?parent=78877"}],"wp:term":[{"taxonomy":"category","embeddable":true,"href":"https:\/\/nvnoticias.mx\/index.php\/wp-json\/wp\/v2\/categories?post=78877"},{"taxonomy":"post_tag","embeddable":true,"href":"https:\/\/nvnoticias.mx\/index.php\/wp-json\/wp\/v2\/tags?post=78877"}],"curies":[{"name":"wp","href":"https:\/\/api.w.org\/{rel}","templated":true}]}}