{"id":78856,"date":"2022-10-18T10:20:18","date_gmt":"2022-10-18T15:20:18","guid":{"rendered":"https:\/\/nvnoticias.mx\/?p=78856"},"modified":"2022-10-18T10:20:20","modified_gmt":"2022-10-18T15:20:20","slug":"queman-migrantes-venezolanos-furiosos-pinatas-con-el-rostro-de-ebrard-y-blinken","status":"publish","type":"post","link":"https:\/\/nvnoticias.mx\/index.php\/2022\/10\/18\/queman-migrantes-venezolanos-furiosos-pinatas-con-el-rostro-de-ebrard-y-blinken\/","title":{"rendered":"Queman migrantes venezolanos \u2018furiosos\u2019 pi\u00f1atas con el rostro de Ebrard y Blinken"},"content":{"rendered":"\n<p>Como protesta ante los acuerdos entre M\u00e9xico y Estados Unidos para el env\u00edo a nuestro pa\u00eds de cientos de personas de origen venezolano,\u00a0<strong>activistas, directores de albergues y migrantes quemaron<\/strong>\u00a0afuera de las instalaciones de la Secretar\u00eda de Relaciones Exteriores en Tijuana,\u00a0<strong>dos pi\u00f1atas con la cara del canciller\u00a0Marcelo Ebrard\u00a0y del Secretario de Estado de EU, Antony John Blinken<\/strong>.<\/p>\n\n\n\n<p>Durante la manifestaci\u00f3n el director del albergue\u00a0<em><strong>\u201cMovimiento Juventud 2000\u2033<\/strong><\/em>, Jos\u00e9 Mar\u00eda Garc\u00eda Lara expres\u00f3 que ni los albergues, ni el gobierno local tienen la capacidad para atender a la poblaci\u00f3n de origen venezolano que est\u00e1 llegando a la ciudad, por lo que calific\u00f3 de irresponsable la medida.<\/p>\n\n\n\n<p>Por otra parte, el activista&nbsp;<strong>S\u00e9rgio Tamai<\/strong>, explic\u00f3 que dicha decisi\u00f3n pone en riesgo a las familias, mujeres, hombres y menores retornados a esta ciudad fronteriza, porque al tener los albergues saturados con personas en contexto de movilidad de centroam\u00e9rica, m\u00e1s los desplazados internos por la violencia,<strong>&nbsp;los venezolanos quedan expuestos a vivir en condici\u00f3n de calle<\/strong>.<\/p>\n\n\n\n<p>Por su parte, el defensor de derechos humanos, Jos\u00e9 Luis P\u00e9rez Canchola, lament\u00f3 que no haya una respuesta clara del canciller mexicano ante la\u00a0<strong>problem\u00e1tica migrante,<\/strong>\u00a0que va en aumento en las fronteras de M\u00e9xico. Agreg\u00f3 que a medida que se agrava esta situaci\u00f3n, tambi\u00e9n<strong>\u00a0crece el negocio del tr\u00e1fico y trata de personas<\/strong>.<\/p>\n\n\n\n<p>Tambi\u00e9n destac\u00f3 la labor de los albergues de la sociedad civil, porque han enfrentado el problema atendiendo a miles de personas en contexto de movilidad y desplazamiento interno forzado, con sus propios recursos y sin apoyo gubernamental.<\/p>\n\n\n\n<p>Ante lo anterior, Garc\u00eda Lara revel\u00f3 que llevan cuatro a\u00f1os \u201cviviendo con nuestros propios recursos y hemos sobrevivido\u201d por lo que asegur\u00f3 no piden dinero sino que las autoridades mexicanas de los tres \u00f3rdenes de gobierno \u201cse hagan responsables\u201d.<\/p>\n\n\n\n<p>Fuente: <a href=\"https:\/\/www.elfinanciero.com.mx\/estados\/2022\/10\/17\/migrantes-venezolanos-furiosos-queman-pinatas-con-el-rostro-de-ebrard-y-blinken\/\" data-type=\"URL\" data-id=\"https:\/\/www.elfinanciero.com.mx\/estados\/2022\/10\/17\/migrantes-venezolanos-furiosos-queman-pinatas-con-el-rostro-de-ebrard-y-blinken\/\">El Financiero<\/a><\/p>\n","protected":false},"excerpt":{"rendered":"<p>Como protesta ante los acuerdos entre M\u00e9xico y Estados Unidos para el env\u00edo a nuestro pa\u00eds de cientos de personas de origen venezolano,\u00a0activistas, directores de albergues y migrantes quemaron\u00a0afuera de las instalaciones de la Secretar\u00eda de Relaciones Exteriores en Tijuana,\u00a0dos pi\u00f1atas con la cara del canciller\u00a0Marcelo Ebrard\u00a0y del Secretario de Estado de EU, Antony John [&hellip;]<\/p>\n","protected":false},"author":35,"featured_media":78857,"comment_status":"open","ping_status":"open","sticky":false,"template":"","format":"standard","meta":{"_monsterinsights_skip_tracking":false,"_monsterinsights_sitenote_active":false,"_monsterinsights_sitenote_note":"","_monsterinsights_sitenote_category":0,"footnotes":""},"categories":[158],"tags":[18622,20291,391,452,16600,18452,20292,20167],"class_list":["post-78856","post","type-post","status-publish","format-standard","has-post-thumbnail","hentry","category-politica","tag-antony-blinken","tag-furiosos","tag-marcelo-ebrard","tag-migrantes","tag-pinatas","tag-queman","tag-rostro","tag-venezolanos","wp-image-borders"],"amp_enabled":true,"_links":{"self":[{"href":"https:\/\/nvnoticias.mx\/index.php\/wp-json\/wp\/v2\/posts\/78856","targetHints":{"allow":["GET"]}}],"collection":[{"href":"https:\/\/nvnoticias.mx\/index.php\/wp-json\/wp\/v2\/posts"}],"about":[{"href":"https:\/\/nvnoticias.mx\/index.php\/wp-json\/wp\/v2\/types\/post"}],"author":[{"embeddable":true,"href":"https:\/\/nvnoticias.mx\/index.php\/wp-json\/wp\/v2\/users\/35"}],"replies":[{"embeddable":true,"href":"https:\/\/nvnoticias.mx\/index.php\/wp-json\/wp\/v2\/comments?post=78856"}],"version-history":[{"count":1,"href":"https:\/\/nvnoticias.mx\/index.php\/wp-json\/wp\/v2\/posts\/78856\/revisions"}],"predecessor-version":[{"id":78858,"href":"https:\/\/nvnoticias.mx\/index.php\/wp-json\/wp\/v2\/posts\/78856\/revisions\/78858"}],"wp:featuredmedia":[{"embeddable":true,"href":"https:\/\/nvnoticias.mx\/index.php\/wp-json\/wp\/v2\/media\/78857"}],"wp:attachment":[{"href":"https:\/\/nvnoticias.mx\/index.php\/wp-json\/wp\/v2\/media?parent=78856"}],"wp:term":[{"taxonomy":"category","embeddable":true,"href":"https:\/\/nvnoticias.mx\/index.php\/wp-json\/wp\/v2\/categories?post=78856"},{"taxonomy":"post_tag","embeddable":true,"href":"https:\/\/nvnoticias.mx\/index.php\/wp-json\/wp\/v2\/tags?post=78856"}],"curies":[{"name":"wp","href":"https:\/\/api.w.org\/{rel}","templated":true}]}}