{"id":78788,"date":"2022-10-17T14:46:56","date_gmt":"2022-10-17T19:46:56","guid":{"rendered":"https:\/\/nvnoticias.mx\/?p=78788"},"modified":"2022-10-17T14:46:56","modified_gmt":"2022-10-17T19:46:56","slug":"francisco-un-papa-socialista-o-humanista","status":"publish","type":"post","link":"https:\/\/nvnoticias.mx\/index.php\/2022\/10\/17\/francisco-un-papa-socialista-o-humanista\/","title":{"rendered":"\u00bfFrancisco, un Papa socialista o humanista?"},"content":{"rendered":"\n<p class=\"has-text-align-right\"><strong>Por Mois\u00e9s Hern\u00e1ndez Yoldi<\/strong><\/p>\n\n\n\n<p>El papa Francisco se ha caracterizado por promover la justicia social, abogar por lo m\u00e1s pobres y criticar el modelo econ\u00f3mico neoliberal que deja a los m\u00e1s desprotegidos en vulnerabilidad. <\/p>\n\n\n\n<p>En su discurso, Francisco est\u00e1 a favor de establecer un salario m\u00ednimo universal, as\u00ed como una reducci\u00f3n de la jornada laboral, para que todos puedan tener acceso a &#8220;los m\u00e1s elementales bienes de la vida&#8221;. <\/p>\n\n\n\n<p>Sus palabras le han valido fuertes cr\u00edticas de grupos conservadores y de la \u00e9lite econ\u00f3mica, quienes lo han se\u00f1alado de \u201csocialista\u201d. <\/p>\n\n\n\n<p>\u00bfEs acaso el Papa Francisco el nuevo rostro del socialismo mundial? \u00bfEs socialismo aspirar a un mundo m\u00e1s equitativo y con justicia social? \u00bfEs socialismo criticar y exigir a las \u00e9lites econ\u00f3micas que lucran con la salud y hacen millonarias ganancias con la venta de armas?<\/p>\n\n\n\n<p>El Papa ha reavivado el debate con una postura muy clara y muy firme, asumi\u00e9ndose como un l\u00edder pol\u00edtico, religioso y social de grandes dimensiones.<\/p>\n\n\n\n<p>A continuaci\u00f3n cito algunas de las peticiones del Papa Francisco: \u201cEs imprescindible ajustar nuestros modelos socio-econ\u00f3micos para que tengan rostro humano, porque tantos modelos lo han perdido. Pensando en estas situaciones, quiero pedirles en nombre de Dios:<\/p>\n\n\n\n<p>A los grandes laboratorios, pido que liberen las patentes. Tengan un gesto de humanidad y permitan que todo ser humano tenga acceso a las vacunas.<\/p>\n\n\n\n<p>A los grupos financieros y organismos internacionales de cr\u00e9dito, pido que permitan a los pa\u00edses pobres garantizar las necesidades b\u00e1sicas de su gente y condonen esas deudas tantas veces contra\u00eddas contra los intereses de esos mismos pueblos.<\/p>\n\n\n\n<p>A las grandes corporaciones alimentarias, pido que dejen de imponer estructuras monop\u00f3licas de producci\u00f3n y distribuci\u00f3n que inflan los precios y terminan qued\u00e1ndose con el pan del hambriento.<\/p>\n\n\n\n<p>A los fabricantes y traficantes de armas, pido que cesen totalmente su actividad, una actividad que fomenta la violencia y la guerra que cuestan millones de vidas y de desplazamientos.<\/p>\n\n\n\n<p>A los gigantes de la tecnolog\u00eda, pido que dejen de explotar la fragilidad humana, las vulnerabilidades de las personas, para obtener ganancias.<\/p>\n\n\n\n<p>A los medios de comunicaci\u00f3n, pido que terminen con la l\u00f3gica de la post-verdad, la desinformaci\u00f3n, la difamaci\u00f3n, la calumnia y esa fascinaci\u00f3n enfermiza por el esc\u00e1ndalo y lo sucio; y que busquen contribuir a la fraternidad humana.<\/p>\n\n\n\n<p>A los pa\u00edses poderosos, pido que cesen las agresiones, bloqueos, sanciones unilaterales contra cualquier pa\u00eds en cualquier lugar de la tierra. <\/p>\n\n\n\n<p>A los gobiernos y a todos los pol\u00edticos, pido que trabajen por el bien com\u00fan. <\/p>\n\n\n\n<p>Cu\u00eddense de escuchar solamente a las elites econ\u00f3micas y sean servidores de los pueblos que claman por tierra, techo, trabajo y una vida buena en armon\u00eda con toda la humanidad y con la creaci\u00f3n.<\/p>\n\n\n\n<p>A todos los l\u00edderes religiosos, pido que nunca usemos el nombre de Dios para fomentar guerras. <\/p>\n\n\n\n<p>Estemos junto a los pueblos, a los trabajadores, a los humildes y luchemos junto a ellos para que el desarrollo humano integral sea una realidad. Tendamos puentes de amor.\u201d<\/p>\n","protected":false},"excerpt":{"rendered":"<p>Por Mois\u00e9s Hern\u00e1ndez Yoldi El papa Francisco se ha caracterizado por promover la justicia social, abogar por lo m\u00e1s pobres y criticar el modelo econ\u00f3mico neoliberal que deja a los m\u00e1s desprotegidos en vulnerabilidad. En su discurso, Francisco est\u00e1 a favor de establecer un salario m\u00ednimo universal, as\u00ed como una reducci\u00f3n de la jornada laboral, [&hellip;]<\/p>\n","protected":false},"author":11,"featured_media":58105,"comment_status":"open","ping_status":"open","sticky":false,"template":"","format":"standard","meta":{"_monsterinsights_skip_tracking":false,"_monsterinsights_sitenote_active":false,"_monsterinsights_sitenote_note":"","_monsterinsights_sitenote_category":0,"footnotes":""},"categories":[429],"tags":[430],"class_list":["post-78788","post","type-post","status-publish","format-standard","has-post-thumbnail","hentry","category-artillero","tag-moises-hernandez-yoldi","wp-image-borders"],"amp_enabled":true,"_links":{"self":[{"href":"https:\/\/nvnoticias.mx\/index.php\/wp-json\/wp\/v2\/posts\/78788","targetHints":{"allow":["GET"]}}],"collection":[{"href":"https:\/\/nvnoticias.mx\/index.php\/wp-json\/wp\/v2\/posts"}],"about":[{"href":"https:\/\/nvnoticias.mx\/index.php\/wp-json\/wp\/v2\/types\/post"}],"author":[{"embeddable":true,"href":"https:\/\/nvnoticias.mx\/index.php\/wp-json\/wp\/v2\/users\/11"}],"replies":[{"embeddable":true,"href":"https:\/\/nvnoticias.mx\/index.php\/wp-json\/wp\/v2\/comments?post=78788"}],"version-history":[{"count":1,"href":"https:\/\/nvnoticias.mx\/index.php\/wp-json\/wp\/v2\/posts\/78788\/revisions"}],"predecessor-version":[{"id":78791,"href":"https:\/\/nvnoticias.mx\/index.php\/wp-json\/wp\/v2\/posts\/78788\/revisions\/78791"}],"wp:featuredmedia":[{"embeddable":true,"href":"https:\/\/nvnoticias.mx\/index.php\/wp-json\/wp\/v2\/media\/58105"}],"wp:attachment":[{"href":"https:\/\/nvnoticias.mx\/index.php\/wp-json\/wp\/v2\/media?parent=78788"}],"wp:term":[{"taxonomy":"category","embeddable":true,"href":"https:\/\/nvnoticias.mx\/index.php\/wp-json\/wp\/v2\/categories?post=78788"},{"taxonomy":"post_tag","embeddable":true,"href":"https:\/\/nvnoticias.mx\/index.php\/wp-json\/wp\/v2\/tags?post=78788"}],"curies":[{"name":"wp","href":"https:\/\/api.w.org\/{rel}","templated":true}]}}