{"id":78782,"date":"2022-10-17T14:37:02","date_gmt":"2022-10-17T19:37:02","guid":{"rendered":"https:\/\/nvnoticias.mx\/?p=78782"},"modified":"2022-10-17T14:37:03","modified_gmt":"2022-10-17T19:37:03","slug":"multan-a-telegram-con-5-mdd-en-alemania-por-no-reportar-contenido-ilegal","status":"publish","type":"post","link":"https:\/\/nvnoticias.mx\/index.php\/2022\/10\/17\/multan-a-telegram-con-5-mdd-en-alemania-por-no-reportar-contenido-ilegal\/","title":{"rendered":"Multan a Telegram con 5 mdd en Alemania por no reportar contenido ilegal"},"content":{"rendered":"\n<p>Alemania impuso una multa de 5 mil 125 millones de euros, unos 5 millones de d\u00f3lares a la aplicaci\u00f3n de mensajer\u00eda Telegram, acus\u00e1ndole de violar las leyes del pa\u00eds. <\/p>\n\n\n\n<p>La Oficina Federal de Justicia indic\u00f3 que Telegram FZ-LLC no ha establecido una manera leg\u00edtima de reportar contenido ilegal ni ha nombrado una entidad en Alemania para recibir comunicaciones oficiales.\u00a0 <\/p>\n\n\n\n<p>Ambas son condiciones para operar como plataformas online en Alemania. <\/p>\n\n\n\n<p>Las autoridades alemanas sostienen que han intentado infructuosamente entregar documentos legales a la plataforma con sede en Dub\u00e1i, a pesar de recibir apoyo de las autoridades de los Emiratos \u00c1rabes Unidos. <\/p>\n\n\n\n<p>Un bufete de abogados alem\u00e1n dijo que representa a Telegram, pero ello no fue suficiente para evitar la aplicaci\u00f3n de multas, indic\u00f3 la Oficina Federal de Justicia. <\/p>\n\n\n\n<p>La polic\u00eda federal alemana advirti\u00f3 hace poco que la app se hab\u00eda convertido en \u201cun medio de radicalizaci\u00f3n\u201d usado por algunas personas para despotricar contra pol\u00edticos, cient\u00edficos y m\u00e9dicos por su trabajo en la lucha contra la pandemia. <\/p>\n\n\n\n<p>Fuente: <a href=\"https:\/\/www.milenio.com\/negocios\/telegram-recibe-multa-millonaria-en-alemania\">Milenio<\/a><\/p>\n","protected":false},"excerpt":{"rendered":"<p>Alemania impuso una multa de 5 mil 125 millones de euros, unos 5 millones de d\u00f3lares a la aplicaci\u00f3n de mensajer\u00eda Telegram, acus\u00e1ndole de violar las leyes del pa\u00eds. La Oficina Federal de Justicia indic\u00f3 que Telegram FZ-LLC no ha establecido una manera leg\u00edtima de reportar contenido ilegal ni ha nombrado una entidad en Alemania [&hellip;]<\/p>\n","protected":false},"author":8,"featured_media":78783,"comment_status":"open","ping_status":"open","sticky":false,"template":"","format":"standard","meta":{"_monsterinsights_skip_tracking":false,"_monsterinsights_sitenote_active":false,"_monsterinsights_sitenote_note":"","_monsterinsights_sitenote_category":0,"footnotes":""},"categories":[181],"tags":[4449,5193,476],"class_list":["post-78782","post","type-post","status-publish","format-standard","has-post-thumbnail","hentry","category-internacional","tag-alemania","tag-multa","tag-telegram","wp-image-borders"],"amp_enabled":true,"_links":{"self":[{"href":"https:\/\/nvnoticias.mx\/index.php\/wp-json\/wp\/v2\/posts\/78782","targetHints":{"allow":["GET"]}}],"collection":[{"href":"https:\/\/nvnoticias.mx\/index.php\/wp-json\/wp\/v2\/posts"}],"about":[{"href":"https:\/\/nvnoticias.mx\/index.php\/wp-json\/wp\/v2\/types\/post"}],"author":[{"embeddable":true,"href":"https:\/\/nvnoticias.mx\/index.php\/wp-json\/wp\/v2\/users\/8"}],"replies":[{"embeddable":true,"href":"https:\/\/nvnoticias.mx\/index.php\/wp-json\/wp\/v2\/comments?post=78782"}],"version-history":[{"count":1,"href":"https:\/\/nvnoticias.mx\/index.php\/wp-json\/wp\/v2\/posts\/78782\/revisions"}],"predecessor-version":[{"id":78784,"href":"https:\/\/nvnoticias.mx\/index.php\/wp-json\/wp\/v2\/posts\/78782\/revisions\/78784"}],"wp:featuredmedia":[{"embeddable":true,"href":"https:\/\/nvnoticias.mx\/index.php\/wp-json\/wp\/v2\/media\/78783"}],"wp:attachment":[{"href":"https:\/\/nvnoticias.mx\/index.php\/wp-json\/wp\/v2\/media?parent=78782"}],"wp:term":[{"taxonomy":"category","embeddable":true,"href":"https:\/\/nvnoticias.mx\/index.php\/wp-json\/wp\/v2\/categories?post=78782"},{"taxonomy":"post_tag","embeddable":true,"href":"https:\/\/nvnoticias.mx\/index.php\/wp-json\/wp\/v2\/tags?post=78782"}],"curies":[{"name":"wp","href":"https:\/\/api.w.org\/{rel}","templated":true}]}}