{"id":78778,"date":"2022-10-17T14:32:38","date_gmt":"2022-10-17T19:32:38","guid":{"rendered":"https:\/\/nvnoticias.mx\/?p=78778"},"modified":"2022-10-17T14:32:41","modified_gmt":"2022-10-17T19:32:41","slug":"el-cuarto-de-rechazo","status":"publish","type":"post","link":"https:\/\/nvnoticias.mx\/index.php\/2022\/10\/17\/el-cuarto-de-rechazo\/","title":{"rendered":"El \u201ccuarto de rechazo\u201d"},"content":{"rendered":"\n<p><strong>Ricardo Homs<\/strong><\/p>\n\n\n\n<p>\u00bfSab\u00eda usted que nuestro equipo de migraci\u00f3n en los aeropuertos trata con la punta del pie a turistas de ciertos pa\u00edses, sin tener siquiera el m\u00ednimo respeto a su persona?<br>Las historias se repiten y para testimonios van los de dos colombianos.<\/p>\n\n\n\n<p>Uno es el youtuber Pablo Rabelo, quien viaj\u00f3 a Canc\u00fan y fue detenido en el aeropuerto por autoridades de migraci\u00f3n y deportado sin darle explicaciones. Les quitan el pasaporte y el celular, los incomunican como delincuentes y los deportan despu\u00e9s a cargo de la aerol\u00ednea que originalmente los llev\u00f3. Si esta no tiene vuelos pr\u00f3ximos, significa pasar varios d\u00edas en el \u201ccuarto de rechazo\u201d.<\/p>\n\n\n\n<p>Seg\u00fan denunci\u00f3 Rabelo en Colombia, estuvo detenido en un peque\u00f1o cuarto con otras 20 personas de distintas nacionalidades, compartiendo entre todos un mismo ba\u00f1o.<\/p>\n\n\n\n<p>Incluso incomunican familias. Describe Rabelo el caso de un padre de familia incomunicado y angustiado, -que tuvo un altercado con los funcionarios que los vigilaban-, por no saber qu\u00e9 hab\u00eda sido de su familia, que viajaba con \u00e9l y seguramente estaba detenida en otra habitaci\u00f3n. A \u00e9l se lo llevaron y nunca regres\u00f3.<\/p>\n\n\n\n<p>\u00bfEste es el gobierno humanista que promueve el turismo?&#8230; \u00bf\u00c9sto lo sabr\u00e1 el secretario de turismo Miguel Torruco?<\/p>\n\n\n\n<p>De nada sirve promover a M\u00e9xico si estas acciones del Instituto de Migraci\u00f3n hacen labor para desprestigiar a nuestro pa\u00eds.<\/p>\n\n\n\n<p>En una entrevista publicada en un medio de comunicaci\u00f3n extranjero, de nombre \u201cReportur\u201d, la c\u00f3nsul de Colombia en Canc\u00fan, Mar\u00eda Fernanda Grueso, report\u00f3 que el promedio diario de turistas deportados desde el aeropuerto de esa ciudad tur\u00edstica es de 85 personas, de las cuales la mayor\u00eda son colombianas. Esta cifra corresponde a las 2,665 personas deportadas desde esa ciudad a lo largo del 2021, la cual contrasta con los 10 rechazados diarios en promedio durante 2018, -que en su mayor parte-, corresponden al gobierno anterior. Si antes est\u00e1bamos mal, hoy estamos peor.<\/p>\n\n\n\n<p>Que esta problem\u00e1tica viene desde gobiernos anteriores no cabe duda. Sin embargo, se ha intensificado durante el presente sexenio y ya no son aceptables las explicaciones de que es un problema heredado; este gobierno prometi\u00f3 un cambio para resolver viejos vicios heredados, que no ha llegado. Ya van cuatro a\u00f1os y problem\u00e1ticas como \u00e9sta, se han agravado.<\/p>\n\n\n\n<p>Ser\u00eda bueno que explique el INM cu\u00e1les son los criterios para identificar a qu\u00e9 perfil de pasajero, -con qu\u00e9 caracter\u00edsticas-, deportar\u00e1n. Se lo hacen por la apariencia, se podr\u00eda calificar como discriminaci\u00f3n y eso se castiga.<\/p>\n\n\n\n<p>Paula Cort\u00e9s, presidenta de la asociaci\u00f3n Colombiana de Agencias de Viajes y Turismo, -de Colombia (ANATO)-, denunci\u00f3 en un noticiero de la estaci\u00f3n radiof\u00f3nica \u201cW\u201d, -de Bogot\u00e1-, que en lo que va de 2022 ya van 6,625 turistas deportados despu\u00e9s de haber recibido malos tratos y solicit\u00f3 la intervenci\u00f3n del gobierno de su pa\u00eds. Adem\u00e1s alert\u00f3 que muchas agencias de Colombia ya no quieren promover turismo hacia M\u00e9xico, no obstante que es el segundo destino preferido por los colombianos.<\/p>\n\n\n\n<p>A su vez, el periodista colombiano Julio S\u00e1nchez Cristo, de larga trayectoria conduciendo programas de radio en su pa\u00eds, -los cuales se retransmiten en Estados Unidos, Espa\u00f1a y Panam\u00e1-, tambi\u00e9n denunci\u00f3 los malos tratos que reciben los colombianos por parte de las autoridades migratorias de M\u00e9xico. Por tanto, este influyente l\u00edder de opini\u00f3n llama a hacerle saber a los colombianos lo que sucede en M\u00e9xico y los riesgos que corren al llegar a nuestro pa\u00eds.<\/p>\n\n\n\n<p>Seguramente el presidente L\u00f3pez Obrador no est\u00e1 enterado de que esto sucede, -ni se enterar\u00e1-, pero no se puede gobernar eficientemente s\u00f3lo con buenas intenciones, sin instrumentar pol\u00edticas sustentadas en procesos de vigilancia y sin el apoyo de profesionales especializados en el \u00e1rea que dirigen. El llamado \u201cknow how\u201d es fundamental para gobernar hoy d\u00eda. No es lo mismo la pol\u00edtica, -o la grilla-, que la administraci\u00f3n p\u00fablica.<\/p>\n\n\n\n<p>Improvisando funcionarios que llegan a los altos cargos a aprender, -en el mejor de los casos-, y sin m\u00e1s m\u00e9rito que una lealtad ciega y servil hacia el presidente, s\u00f3lo se alcanzar\u00e1n resultados mediocres que son los que hablar\u00e1n de su gobierno cuando \u00e9l deje de ser presidente.<\/p>\n\n\n\n<p>Esta es la diferencia entre la iniciativa privada y el gobierno. A un directivo ineficiente lo despiden sin miramientos de una empresa cuando su desempe\u00f1o no alcanza el m\u00ednimo, puesto que los resultados son evidentes a corto plazo.<br>En contraste, -en el gobierno-, los resultados no son visibles en el corto plazo y se pueden esconder. Se avanza laboralmente con base en lealtades, compadrazgos y complicidades, porque entre todas las complicidades que hay, existe un acuerdo t\u00e1cito e impl\u00edcito: se protegen entre s\u00ed.<\/p>\n\n\n\n<p>S\u00f3lo se fincan responsabilidades a funcionarios ineficientes o corruptos hasta que llega al cargo alguien del equipo contrario y lo que se aplica no es un aut\u00e9ntico ejercicio de responsabilidades, sino venganza pol\u00edtica.<br>Urge que el secretario de turismo, Miguel Torruco, meta las manos en este grave problema que representa el trato del INM en los aeropuertos, porque est\u00e1 obstaculizando los esfuerzos por atraer turistas y el desempe\u00f1o de su secretar\u00eda podr\u00eda verse afectado.<\/p>\n\n\n\n<p>DESINFORMACI\u00d3N<\/p>\n\n\n\n<p>Es tal el descr\u00e9dito de los diputados de MORENA que todos los rumores en su contra caminan disfrazados de verdad.<\/p>\n\n\n\n<p>La realidad es que esta iniciativa que MORENA y sus compinches impusieron en la C\u00e1mara de Diputados no representa una ley nueva, sino una modificaci\u00f3n a una ley ya publicada en el 2008 y que no gener\u00f3 el esc\u00e1ndalo de hoy.<\/p>\n\n\n\n<p>Sin embargo, lo aberrante es que esa ley que queremos impedir ya existe y est\u00e1 vigente dentro de la legislaci\u00f3n aplicable a las instituciones financieras.<\/p>\n\n\n\n<p>Es necesario revisarla y replantearla<\/p>\n\n\n\n<p>\u00bfA usted qu\u00e9 le parece? <\/p>\n\n\n\n<p><em>Facebook: @Ricardo.Homs1<br>Twitter: @homsricardo<br>Linkedin: Ricardo Homs<br><a href=\"http:\/\/www.ricardohoms.com\/\">www.ricardohoms.com<\/a><\/em><\/p>\n","protected":false},"excerpt":{"rendered":"<p>Ricardo Homs \u00bfSab\u00eda usted que nuestro equipo de migraci\u00f3n en los aeropuertos trata con la punta del pie a turistas de ciertos pa\u00edses, sin tener siquiera el m\u00ednimo respeto a su persona?Las historias se repiten y para testimonios van los de dos colombianos. Uno es el youtuber Pablo Rabelo, quien viaj\u00f3 a Canc\u00fan y fue [&hellip;]<\/p>\n","protected":false},"author":18,"featured_media":78780,"comment_status":"open","ping_status":"open","sticky":false,"template":"","format":"standard","meta":{"_monsterinsights_skip_tracking":false,"_monsterinsights_sitenote_active":false,"_monsterinsights_sitenote_note":"","_monsterinsights_sitenote_category":0,"footnotes":""},"categories":[246],"tags":[173],"class_list":["post-78778","post","type-post","status-publish","format-standard","has-post-thumbnail","hentry","category-ricardo-homs","tag-ricardo-homs","wp-image-borders"],"amp_enabled":true,"_links":{"self":[{"href":"https:\/\/nvnoticias.mx\/index.php\/wp-json\/wp\/v2\/posts\/78778","targetHints":{"allow":["GET"]}}],"collection":[{"href":"https:\/\/nvnoticias.mx\/index.php\/wp-json\/wp\/v2\/posts"}],"about":[{"href":"https:\/\/nvnoticias.mx\/index.php\/wp-json\/wp\/v2\/types\/post"}],"author":[{"embeddable":true,"href":"https:\/\/nvnoticias.mx\/index.php\/wp-json\/wp\/v2\/users\/18"}],"replies":[{"embeddable":true,"href":"https:\/\/nvnoticias.mx\/index.php\/wp-json\/wp\/v2\/comments?post=78778"}],"version-history":[{"count":1,"href":"https:\/\/nvnoticias.mx\/index.php\/wp-json\/wp\/v2\/posts\/78778\/revisions"}],"predecessor-version":[{"id":78781,"href":"https:\/\/nvnoticias.mx\/index.php\/wp-json\/wp\/v2\/posts\/78778\/revisions\/78781"}],"wp:featuredmedia":[{"embeddable":true,"href":"https:\/\/nvnoticias.mx\/index.php\/wp-json\/wp\/v2\/media\/78780"}],"wp:attachment":[{"href":"https:\/\/nvnoticias.mx\/index.php\/wp-json\/wp\/v2\/media?parent=78778"}],"wp:term":[{"taxonomy":"category","embeddable":true,"href":"https:\/\/nvnoticias.mx\/index.php\/wp-json\/wp\/v2\/categories?post=78778"},{"taxonomy":"post_tag","embeddable":true,"href":"https:\/\/nvnoticias.mx\/index.php\/wp-json\/wp\/v2\/tags?post=78778"}],"curies":[{"name":"wp","href":"https:\/\/api.w.org\/{rel}","templated":true}]}}