{"id":78768,"date":"2022-10-17T13:37:34","date_gmt":"2022-10-17T18:37:34","guid":{"rendered":"https:\/\/nvnoticias.mx\/?p=78768"},"modified":"2022-10-17T13:37:34","modified_gmt":"2022-10-17T18:37:34","slug":"raul-potro-gutierrez-sera-ratificado-como-director-tecnico-de-cruz-azul","status":"publish","type":"post","link":"https:\/\/nvnoticias.mx\/index.php\/2022\/10\/17\/raul-potro-gutierrez-sera-ratificado-como-director-tecnico-de-cruz-azul\/","title":{"rendered":"Ra\u00fal &#8216;Potro&#8217; Guti\u00e9rrez ser\u00e1 ratificado como director t\u00e9cnico de Cruz Azul"},"content":{"rendered":"\n<p>A\u00a0Ra\u00fal &#8216;Potro&#8217; Guti\u00e9rrez\u00a0habr\u00e1 que quitarle la etiqueta de interino en\u00a0Cruz Azul.<\/p>\n\n\n\n<p>Ra\u00fal Guti\u00e9rrez\u00a0fue ratificado como director t\u00e9cnico de La M\u00e1quina para el 2023, luego de llevar al equipo cementero del lugar 17 de la Tabla General en la Fecha 11 hasta los Cuartos de Final del\u00a0Apertura 2022, en el que finaliz\u00f3 en el s\u00e9ptimo puesto de la clasificaci\u00f3n.<\/p>\n\n\n\n<p>Pese a la derrota ante Monterrey con un marcador global de 3-0 en Cuartos, la directiva de\u00a0Cruz Azul\u00a0dio el voto de confianza al\u00a0&#8216;Potro&#8217; Guti\u00e9rrez\u00a0para quedarse de cara al\u00a0Clausura 2023.<\/p>\n\n\n\n<p>Los informantes agregaron que este mi\u00e9rcoles, el presidente del club, V\u00edctor Vel\u00e1zquez, se reunir\u00e1 con\u00a0Ra\u00fal Guti\u00e9rrez\u00a0para ofrecerle un contrato por un a\u00f1o (dos torneos) en\u00a0Cruz Azul, con lo cual el &#8216;Potro&#8217; dejar\u00e1 de tener la etiqueta de interino y al mismo tiempo la directiva cerrar\u00e1 la puerta a decenas de entrenadores que se han acercado para ofrecer sus servicios.<\/p>\n\n\n\n<p>Ra\u00fal Guti\u00e9rrez\u00a0y los directivos decidir\u00e1n en estos d\u00edas el futuro de varios jugadores que saldr\u00e1n del club, as\u00ed como de los cuatro o cinco refuerzos que lleguen de cara al pr\u00f3ximo Clausura 2023.<\/p>\n\n\n\n<h4 class=\"wp-block-heading\">Buscan reemplazo de Carlos L\u00f3pez de Silanes<\/h4>\n\n\n\n<p>Las fuentes aseguraron que Carlos L\u00f3pez de Silanes no seguir\u00e1 en el equipo celeste para el pr\u00f3ximo a\u00f1o, luego de tomar la direcci\u00f3n deportiva de forma interina tras la salida de Jaime Ordiales a la estructura de Selecciones Nacionales de M\u00e9xico.<\/p>\n\n\n\n<p>Fuente: <a href=\"https:\/\/www.espn.com.mx\/futbol\/mexico\/nota\/_\/id\/11093450\/cruz-azul-ratificara-a-raul-potro-gutierrez-como-director-tecnico-habra-cambio-de-director-deportivo\">ESPN<\/a><\/p>\n","protected":false},"excerpt":{"rendered":"<p>A\u00a0Ra\u00fal &#8216;Potro&#8217; Guti\u00e9rrez\u00a0habr\u00e1 que quitarle la etiqueta de interino en\u00a0Cruz Azul. Ra\u00fal Guti\u00e9rrez\u00a0fue ratificado como director t\u00e9cnico de La M\u00e1quina para el 2023, luego de llevar al equipo cementero del lugar 17 de la Tabla General en la Fecha 11 hasta los Cuartos de Final del\u00a0Apertura 2022, en el que finaliz\u00f3 en el s\u00e9ptimo puesto [&hellip;]<\/p>\n","protected":false},"author":8,"featured_media":78769,"comment_status":"open","ping_status":"open","sticky":false,"template":"","format":"standard","meta":{"_monsterinsights_skip_tracking":false,"_monsterinsights_sitenote_active":false,"_monsterinsights_sitenote_note":"","_monsterinsights_sitenote_category":0,"footnotes":""},"categories":[159],"tags":[20278,361,16565,18635],"class_list":["post-78768","post","type-post","status-publish","format-standard","has-post-thumbnail","hentry","category-deportes","tag-clausura-2023","tag-cruz-azul","tag-director-tecnico","tag-raul-potro-gutierrez","wp-image-borders"],"amp_enabled":true,"_links":{"self":[{"href":"https:\/\/nvnoticias.mx\/index.php\/wp-json\/wp\/v2\/posts\/78768","targetHints":{"allow":["GET"]}}],"collection":[{"href":"https:\/\/nvnoticias.mx\/index.php\/wp-json\/wp\/v2\/posts"}],"about":[{"href":"https:\/\/nvnoticias.mx\/index.php\/wp-json\/wp\/v2\/types\/post"}],"author":[{"embeddable":true,"href":"https:\/\/nvnoticias.mx\/index.php\/wp-json\/wp\/v2\/users\/8"}],"replies":[{"embeddable":true,"href":"https:\/\/nvnoticias.mx\/index.php\/wp-json\/wp\/v2\/comments?post=78768"}],"version-history":[{"count":1,"href":"https:\/\/nvnoticias.mx\/index.php\/wp-json\/wp\/v2\/posts\/78768\/revisions"}],"predecessor-version":[{"id":78770,"href":"https:\/\/nvnoticias.mx\/index.php\/wp-json\/wp\/v2\/posts\/78768\/revisions\/78770"}],"wp:featuredmedia":[{"embeddable":true,"href":"https:\/\/nvnoticias.mx\/index.php\/wp-json\/wp\/v2\/media\/78769"}],"wp:attachment":[{"href":"https:\/\/nvnoticias.mx\/index.php\/wp-json\/wp\/v2\/media?parent=78768"}],"wp:term":[{"taxonomy":"category","embeddable":true,"href":"https:\/\/nvnoticias.mx\/index.php\/wp-json\/wp\/v2\/categories?post=78768"},{"taxonomy":"post_tag","embeddable":true,"href":"https:\/\/nvnoticias.mx\/index.php\/wp-json\/wp\/v2\/tags?post=78768"}],"curies":[{"name":"wp","href":"https:\/\/api.w.org\/{rel}","templated":true}]}}