{"id":7867,"date":"2021-03-16T18:56:59","date_gmt":"2021-03-17T00:56:59","guid":{"rendered":"https:\/\/nvnoticias.mx\/?p=7867"},"modified":"2021-03-16T18:57:00","modified_gmt":"2021-03-17T00:57:00","slug":"feministas-rechazan-reubicar-antimonumenta-a-miguel-aleman","status":"publish","type":"post","link":"https:\/\/nvnoticias.mx\/index.php\/2021\/03\/16\/feministas-rechazan-reubicar-antimonumenta-a-miguel-aleman\/","title":{"rendered":"Feministas rechazan reubicar Antimonumenta a Miguel Alem\u00e1n"},"content":{"rendered":"\n<p><strong>Jes\u00fas Utrilla \/ NV Noticias<\/strong><\/p>\n\n\n\n<p>Veracruz.- El alcalde de Veracruz Fernando Yunes M\u00e1rquez propuso que el Antimonumento (Antimonumenta) sea reubicado del bulevar a la Avenida Miguel Alem\u00e1n.<\/p>\n\n\n\n<figure class=\"wp-block-image size-large\"><img loading=\"lazy\" decoding=\"async\" width=\"1024\" height=\"683\" src=\"https:\/\/nvnoticias.mx\/wp-content\/uploads\/2021\/03\/IMG-20210316-WA0022-1024x683.jpg\" alt=\"\" class=\"wp-image-7868\" srcset=\"https:\/\/nvnoticias.mx\/wp-content\/uploads\/2021\/03\/IMG-20210316-WA0022-1024x683.jpg 1024w, https:\/\/nvnoticias.mx\/wp-content\/uploads\/2021\/03\/IMG-20210316-WA0022-300x200.jpg 300w, https:\/\/nvnoticias.mx\/wp-content\/uploads\/2021\/03\/IMG-20210316-WA0022-768x512.jpg 768w, https:\/\/nvnoticias.mx\/wp-content\/uploads\/2021\/03\/IMG-20210316-WA0022.jpg 1280w\" sizes=\"auto, (max-width: 1024px) 100vw, 1024px\" \/><\/figure>\n\n\n\n<p>Durante la Primera Mesa de Di\u00e1logo para la Permanencia del Antimonumenta se\u00f1al\u00f3 que la estructura podr\u00eda quedar a la altura de Bol\u00edvar o atr\u00e1s del hospital del ISSSTE.<\/p>\n\n\n\n<p>Se\u00f1al\u00f3 que ah\u00ed se podr\u00edan ocupar 9 metros de ancho y el largo del camell\u00f3n.<\/p>\n\n\n\n<p>Incluso propuso que las mujeres sean quienes escojan el nombre de la plaza.<\/p>\n\n\n\n<p>Se\u00f1al\u00f3 que se trata de un espacio visible y que es la avenida m\u00e1s transitada de la ciudad por donde incluso pasa el triple de veh\u00edculos que en el bulevar Manuel \u00c1vila Camacho.<\/p>\n\n\n\n<blockquote class=\"wp-block-quote is-layout-flow wp-block-quote-is-layout-flow\"><p>\u201cHay un pedestal y se podr\u00eda restaurar. Es un lugar digno, transitado y visible. Se le podr\u00eda renombrar a como lo propongan\u201d.<\/p><\/blockquote>\n\n\n\n<p>Las mujeres que asistieron a la reuni\u00f3n rechazaron la propuesta, pues dijeron que el monumento debe colocarse en un lugar donde incomode, donde nadie lo quiera ver ya que se trata de un mensaje de emergencia que hace alusi\u00f3n a que se est\u00e1 matando a las mujeres.<\/p>\n\n\n\n<blockquote class=\"wp-block-quote is-layout-flow wp-block-quote-is-layout-flow\"><p>\u201cEs un recordatorio a que volteen a ver el s\u00edmbolo de la vida cotidiana de las mujeres y qu\u00e9 se honre a las que murieron por la violencia\u201d.<\/p><\/blockquote>\n\n\n\n<p>Consideraron que la avenida Miguel Alem\u00e1n los autom\u00f3viles transitan altas velocidades y nadie lo volver\u00eda a ver.<br>Sin embargo se acord\u00f3 que el di\u00e1logo quedar\u00e1 abierto.<\/p>\n\n\n\n<p>La Primera Mesa de Di\u00e1logo para la Permanencia del Antimonumenta se llev\u00f3 a cabo en el patio del Palacio Municipal.<\/p>\n","protected":false},"excerpt":{"rendered":"<p>Jes\u00fas Utrilla \/ NV Noticias Veracruz.- El alcalde de Veracruz Fernando Yunes M\u00e1rquez propuso que el Antimonumento (Antimonumenta) sea reubicado del bulevar a la Avenida Miguel Alem\u00e1n. Durante la Primera Mesa de Di\u00e1logo para la Permanencia del Antimonumenta se\u00f1al\u00f3 que la estructura podr\u00eda quedar a la altura de Bol\u00edvar o atr\u00e1s del hospital del ISSSTE. [&hellip;]<\/p>\n","protected":false},"author":6,"featured_media":7869,"comment_status":"open","ping_status":"open","sticky":false,"template":"","format":"standard","meta":{"_monsterinsights_skip_tracking":false,"_monsterinsights_sitenote_active":false,"_monsterinsights_sitenote_note":"","_monsterinsights_sitenote_category":0,"footnotes":""},"categories":[154],"tags":[2178,1185,573],"class_list":["post-7867","post","type-post","status-publish","format-standard","has-post-thumbnail","hentry","category-veracruz","tag-antimonumento","tag-fernando-yunes-marquez","tag-mujeres","wp-image-borders"],"amp_enabled":true,"_links":{"self":[{"href":"https:\/\/nvnoticias.mx\/index.php\/wp-json\/wp\/v2\/posts\/7867","targetHints":{"allow":["GET"]}}],"collection":[{"href":"https:\/\/nvnoticias.mx\/index.php\/wp-json\/wp\/v2\/posts"}],"about":[{"href":"https:\/\/nvnoticias.mx\/index.php\/wp-json\/wp\/v2\/types\/post"}],"author":[{"embeddable":true,"href":"https:\/\/nvnoticias.mx\/index.php\/wp-json\/wp\/v2\/users\/6"}],"replies":[{"embeddable":true,"href":"https:\/\/nvnoticias.mx\/index.php\/wp-json\/wp\/v2\/comments?post=7867"}],"version-history":[{"count":1,"href":"https:\/\/nvnoticias.mx\/index.php\/wp-json\/wp\/v2\/posts\/7867\/revisions"}],"predecessor-version":[{"id":7870,"href":"https:\/\/nvnoticias.mx\/index.php\/wp-json\/wp\/v2\/posts\/7867\/revisions\/7870"}],"wp:featuredmedia":[{"embeddable":true,"href":"https:\/\/nvnoticias.mx\/index.php\/wp-json\/wp\/v2\/media\/7869"}],"wp:attachment":[{"href":"https:\/\/nvnoticias.mx\/index.php\/wp-json\/wp\/v2\/media?parent=7867"}],"wp:term":[{"taxonomy":"category","embeddable":true,"href":"https:\/\/nvnoticias.mx\/index.php\/wp-json\/wp\/v2\/categories?post=7867"},{"taxonomy":"post_tag","embeddable":true,"href":"https:\/\/nvnoticias.mx\/index.php\/wp-json\/wp\/v2\/tags?post=7867"}],"curies":[{"name":"wp","href":"https:\/\/api.w.org\/{rel}","templated":true}]}}