{"id":78605,"date":"2022-10-15T21:28:29","date_gmt":"2022-10-16T02:28:29","guid":{"rendered":"https:\/\/nvnoticias.mx\/?p=78605"},"modified":"2022-10-15T21:28:30","modified_gmt":"2022-10-16T02:28:30","slug":"fernandez-norona-se-reune-con-militantes-del-pt-en-la-plazuela-de-la-campana","status":"publish","type":"post","link":"https:\/\/nvnoticias.mx\/index.php\/2022\/10\/15\/fernandez-norona-se-reune-con-militantes-del-pt-en-la-plazuela-de-la-campana\/","title":{"rendered":"Fern\u00e1ndez Noro\u00f1a se re\u00fane con militantes del PT en la Plazuela de la Campana"},"content":{"rendered":"\n<p><strong>Jes\u00fas Utrilla | El Universal <\/strong><\/p>\n\n\n\n<p>El diputado federal Gerardo Fern\u00e1ndez Noro\u00f1a se reuni\u00f3 con militantes del Partido del Trabajo, en la Plazuela de la Campana de la ciudad de Veracruz.<\/p>\n\n\n\n<p>Durante su discurso dijo que el movimiento que encabeza no impondr\u00e1 a nadie para las elecciones que se avecina.<\/p>\n\n\n\n<p>Destac\u00f3 que en M\u00e9xico se vive una revoluci\u00f3n, sin embargo, en el Congreso de la Uni\u00f3n se fren\u00f3 la reforma el\u00e9ctrica que impulsaba el presidente de la Rep\u00fablica y que impedir\u00eda que las empresas extranjeras siguieran robado al pa\u00eds.<\/p>\n\n\n\n<p>Llam\u00f3 a los militantes a seguir trabajando en contra de la corrupci\u00f3n y record\u00f3 que tan solo el abogado del expresidente Enrique Pe\u00f1a Nieto tiene bienes por 4 mil 500 millones de d\u00f3lares.<\/p>\n\n\n\n<blockquote class=\"wp-block-quote is-layout-flow wp-block-quote-is-layout-flow\"><p>\u201cYa es momento de hacer cambios en el pa\u00eds y para acabar con esa injusticia social es necesario acabar con ese sistema que la genera. Hay muchos intereses que romper y recuperar mucha riqueza que es del pueblo\u201d.<\/p><\/blockquote>\n\n\n\n<p>Aunque en ocasiones existen diferencias con Morena, aclar\u00f3 que continuar\u00e1n con el trabajo que ha venido realizando el presidente de M\u00e9xico, Andr\u00e9s Manuel L\u00f3pez Obrador.<\/p>\n\n\n\n<blockquote class=\"wp-block-quote is-layout-flow wp-block-quote-is-layout-flow\"><p>\u201cYo les digo que el PT y Morena somos hermanitos, pero Ca\u00edn y Abel tambi\u00e9n eran hermanos, no es sencillo pero vamos caminando\u201d.<\/p><\/blockquote>\n\n\n\n<p>\u00a0Acus\u00f3 que muchos por obtener un cargo pol\u00edtico ingresaron a las filas de Morena, incluso se creen m\u00e1s \u201clopezobradoristas\u201d que quienes llevan a\u00f1os trabajando.Acompa\u00f1aron a Fern\u00e1ndez Noro\u00f1a en el presidium, Juan David Castilla, dir\u00edgete estatal del partido, el Coordinador regional Juan Miguel G\u00f3ngora y el regidor porte\u00f1o de Morena, Daniel Mart\u00edn Lois.<\/p>\n","protected":false},"excerpt":{"rendered":"<p>Jes\u00fas Utrilla | El Universal El diputado federal Gerardo Fern\u00e1ndez Noro\u00f1a se reuni\u00f3 con militantes del Partido del Trabajo, en la Plazuela de la Campana de la ciudad de Veracruz. Durante su discurso dijo que el movimiento que encabeza no impondr\u00e1 a nadie para las elecciones que se avecina. Destac\u00f3 que en M\u00e9xico se vive [&hellip;]<\/p>\n","protected":false},"author":35,"featured_media":78606,"comment_status":"open","ping_status":"open","sticky":false,"template":"","format":"standard","meta":{"_monsterinsights_skip_tracking":false,"_monsterinsights_sitenote_active":false,"_monsterinsights_sitenote_note":"","_monsterinsights_sitenote_category":0,"footnotes":""},"categories":[154],"tags":[20241,5233,20240,345,8915],"class_list":["post-78605","post","type-post","status-publish","format-standard","has-post-thumbnail","hentry","category-veracruz","tag-campana-2","tag-fernandez-norona","tag-plazuela","tag-pt","tag-reune","wp-image-borders"],"amp_enabled":true,"_links":{"self":[{"href":"https:\/\/nvnoticias.mx\/index.php\/wp-json\/wp\/v2\/posts\/78605","targetHints":{"allow":["GET"]}}],"collection":[{"href":"https:\/\/nvnoticias.mx\/index.php\/wp-json\/wp\/v2\/posts"}],"about":[{"href":"https:\/\/nvnoticias.mx\/index.php\/wp-json\/wp\/v2\/types\/post"}],"author":[{"embeddable":true,"href":"https:\/\/nvnoticias.mx\/index.php\/wp-json\/wp\/v2\/users\/35"}],"replies":[{"embeddable":true,"href":"https:\/\/nvnoticias.mx\/index.php\/wp-json\/wp\/v2\/comments?post=78605"}],"version-history":[{"count":1,"href":"https:\/\/nvnoticias.mx\/index.php\/wp-json\/wp\/v2\/posts\/78605\/revisions"}],"predecessor-version":[{"id":78607,"href":"https:\/\/nvnoticias.mx\/index.php\/wp-json\/wp\/v2\/posts\/78605\/revisions\/78607"}],"wp:featuredmedia":[{"embeddable":true,"href":"https:\/\/nvnoticias.mx\/index.php\/wp-json\/wp\/v2\/media\/78606"}],"wp:attachment":[{"href":"https:\/\/nvnoticias.mx\/index.php\/wp-json\/wp\/v2\/media?parent=78605"}],"wp:term":[{"taxonomy":"category","embeddable":true,"href":"https:\/\/nvnoticias.mx\/index.php\/wp-json\/wp\/v2\/categories?post=78605"},{"taxonomy":"post_tag","embeddable":true,"href":"https:\/\/nvnoticias.mx\/index.php\/wp-json\/wp\/v2\/tags?post=78605"}],"curies":[{"name":"wp","href":"https:\/\/api.w.org\/{rel}","templated":true}]}}