{"id":78555,"date":"2022-10-15T13:55:34","date_gmt":"2022-10-15T18:55:34","guid":{"rendered":"https:\/\/nvnoticias.mx\/?p=78555"},"modified":"2022-10-15T13:55:35","modified_gmt":"2022-10-15T18:55:35","slug":"muestran-escultura-hiperrealista-de-jesucristo-en-the-mystery-man","status":"publish","type":"post","link":"https:\/\/nvnoticias.mx\/index.php\/2022\/10\/15\/muestran-escultura-hiperrealista-de-jesucristo-en-the-mystery-man\/","title":{"rendered":"Muestran escultura hiperrealista de Jesucristo en &#8216;The Mystery Man&#8217;"},"content":{"rendered":"\n<p>Desde este 13 de octubre y hasta diciembre se encuentra en la catedral de Salamanca la exposici\u00f3n The Mystery Man, que muestra una escultura hiperrealista del cuerpo que pudo envolver la S\u00e1bana Santa, realizada bajo los par\u00e1metros de la medicina forense.<\/p>\n\n\n\n<p> The mystery man: el hombre de la S\u00e1bana Santa, del artista y comisario de la exposici\u00f3n, \u00c1lvaro Blanco, analiza la figura de Jesucristo y tiene como principal atractivo la reproducci\u00f3n del cuerpo de la S\u00e1bana Santa de Tur\u00edn, tambi\u00e9n conocida como S\u00edndone, una recreaci\u00f3n volum\u00e9trica e hiperrealista del cuerpo crucificado que pudo envolver esta tela que se conserva en la catedral de Tur\u00edn. <\/p>\n\n\n\n<p>La estatua, que a\u00fan no se exhibido en ninguna parte y que hasta hoy s\u00f3lo hab\u00edan visto 14 personas, es el centro de la exposici\u00f3n, que se articula entorno a seis salas que narran la vida de Jesucristo y su contexto hist\u00f3rico, as\u00ed como un an\u00e1lisis y los distintos estudios que se han realizado sobre la S\u00e1bana Santa.<\/p>\n\n\n\n<p> En la rueda de prensa de presentaci\u00f3n de la exposici\u00f3n, Blanco ha asegurado que la estatua es un cuerpo \u00aben calidad humana\u00bb de Jes\u00fas. <\/p>\n\n\n\n<blockquote class=\"wp-block-quote is-layout-flow wp-block-quote-is-layout-flow\"><p>&#8220;Los pintores han tratado de representar su imagen y hoy, por primera vez, vamos a ver ese cuerpo lo m\u00e1s fidedigno y carente de todo movimiento art\u00edstico, de una calidad hiperrealista&#8221;, ha se\u00f1alado. Ha reconocido que \u00abla pol\u00e9mica estar\u00e1 servida para algunos\u00bb, pero ha agradecido tambi\u00e9n la valent\u00eda de la catedral de Salamanca a la hora de acoger esta muestra \u00absobre algo que nadie se hab\u00eda atrevido a hacer antes\u00bb. <\/p><\/blockquote>\n\n\n\n<p>Para esta muestra, los artistas que han trabajado en la escultura (hecha con l\u00e1tex y silicona, con pelo humano, de 75 kilos de peso y 1,78 metros de altura) se han basado en los puntos sangrantes de los pies, piernas o rodillas que aparecen reflejados en la S\u00e1bana Santa. <\/p>\n\n\n\n<p>De esta forma, se ha reconstruido antropol\u00f3gicamente el cuerpo de Jes\u00fas, haciendo pruebas con vol\u00famenes tridimensionales y reflejando sobre \u00e9l todas las heridas que sufri\u00f3 en la cruz. La S\u00e1bana Santa centra tambi\u00e9n buen aparte de la exposici\u00f3n.<\/p>\n\n\n\n<p> Esta tela, que se conserva en la catedral de Tur\u00edn y en la que, seg\u00fan la Iglesia cat\u00f3lica, fue envuelto el cuerpo de Cristo tras su crucifixi\u00f3n, mide 4,39 metros de largo y 1,15 de ancho, est\u00e1 considerada una de las reliquias m\u00e1s famosas y discutidas de la Cristiandad. <\/p>\n\n\n\n<p>Las pruebas para demostrar si de verdad envolvi\u00f3 el cuerpo de Jes\u00fas comenzaron en 1898, despu\u00e9s de que un fot\u00f3grafo turin\u00e9s hiciera una foto al lienzo y en el momento del revelado se diera cuenta de que las im\u00e1genes negativas representan el cuerpo y la cara de un hombre crucificado en el modo en que contaban los Evangelios. <\/p>\n\n\n\n<p>En 1988 el test del carbono 14 la situ\u00f3 entre los siglos XIII y XIV, pero a\u00fan as\u00ed se trata de unas reliquias m\u00e1s veneradas por los cat\u00f3licos y visitada por todos los pont\u00edfices. Seg\u00fan Blanco, el estudio de la S\u00e1bana Santa permite ver las heridas por las que muere Jes\u00fas de Nazaret, un hombre coronado con un casco de espinas, \u00abque recibi\u00f3 una lanzada entre la quinta y sexta costilla, de donde sali\u00f3 sangre y agua por el edema pulmonar, con heridas en las mu\u00f1ecas y no en las manos\u00bb. <\/p>\n\n\n\n<p>Tambi\u00e9n muestra los 150 impactos que recibi\u00f3 en la cruz y las 250 heridas distribuidas por todo el cuerpo en forma de abanico. A lo largo de 600 metros cuadrados ubicados en el trascoro de la Catedral Nueva, los visitantes de esta muestra recorrer\u00e1n varias salas sobre la figura de Jes\u00fas de Nazaret, su condena y muerte, podr\u00e1n ver una r\u00e9plica del sepulcro con un holograma del enterramiento, la cruz o las 30 monedas de Judas, entre otros elementos. Tras su paso por Salamanca, la exposici\u00f3n, promovida por ArtiSplendore, recorrer\u00e1 los cinco continentes.<\/p>\n\n\n\n<p> Las nuevas tecnolog\u00edas tambi\u00e9n estar\u00e1n presentes en esta exposici\u00f3n, que cuenta con un video mapping de la S\u00e1bana Santa y una sala inmersiva, donde se repasar\u00e1 la historia de toda la pintura cristiana y c\u00f3mo ha representado a Jes\u00fas de Nazaret. <\/p>\n\n\n\n<figure class=\"wp-block-image size-large\"><img loading=\"lazy\" decoding=\"async\" width=\"1024\" height=\"683\" src=\"https:\/\/nvnoticias.mx\/wp-content\/uploads\/2022\/10\/the-myst-1024x683.jpg\" alt=\"\" class=\"wp-image-78557\" srcset=\"https:\/\/nvnoticias.mx\/wp-content\/uploads\/2022\/10\/the-myst-1024x683.jpg 1024w, https:\/\/nvnoticias.mx\/wp-content\/uploads\/2022\/10\/the-myst-300x200.jpg 300w, https:\/\/nvnoticias.mx\/wp-content\/uploads\/2022\/10\/the-myst-768x512.jpg 768w, https:\/\/nvnoticias.mx\/wp-content\/uploads\/2022\/10\/the-myst-1536x1024.jpg 1536w, https:\/\/nvnoticias.mx\/wp-content\/uploads\/2022\/10\/the-myst-2048x1366.jpg 2048w\" sizes=\"auto, (max-width: 1024px) 100vw, 1024px\" \/><\/figure>\n\n\n\n<figure class=\"wp-block-image size-large\"><img loading=\"lazy\" decoding=\"async\" width=\"1024\" height=\"683\" src=\"https:\/\/nvnoticias.mx\/wp-content\/uploads\/2022\/10\/the-myste-1024x683.jpg\" alt=\"\" class=\"wp-image-78558\" srcset=\"https:\/\/nvnoticias.mx\/wp-content\/uploads\/2022\/10\/the-myste-1024x683.jpg 1024w, https:\/\/nvnoticias.mx\/wp-content\/uploads\/2022\/10\/the-myste-300x200.jpg 300w, https:\/\/nvnoticias.mx\/wp-content\/uploads\/2022\/10\/the-myste-768x512.jpg 768w, https:\/\/nvnoticias.mx\/wp-content\/uploads\/2022\/10\/the-myste-1536x1024.jpg 1536w, https:\/\/nvnoticias.mx\/wp-content\/uploads\/2022\/10\/the-myste-2048x1366.jpg 2048w\" sizes=\"auto, (max-width: 1024px) 100vw, 1024px\" \/><\/figure>\n\n\n\n<p>Fuente: <a href=\"https:\/\/www.milenio.com\/cultura\/arte\/imagen-hiperrealista-jesucristo-expuesta-the-mystery-man\" data-type=\"URL\" data-id=\"https:\/\/www.milenio.com\/cultura\/arte\/imagen-hiperrealista-jesucristo-expuesta-the-mystery-man\">Milenio<\/a><\/p>\n","protected":false},"excerpt":{"rendered":"<p>Desde este 13 de octubre y hasta diciembre se encuentra en la catedral de Salamanca la exposici\u00f3n The Mystery Man, que muestra una escultura hiperrealista del cuerpo que pudo envolver la S\u00e1bana Santa, realizada bajo los par\u00e1metros de la medicina forense. The mystery man: el hombre de la S\u00e1bana Santa, del artista y comisario de [&hellip;]<\/p>\n","protected":false},"author":35,"featured_media":78556,"comment_status":"open","ping_status":"open","sticky":false,"template":"","format":"standard","meta":{"_monsterinsights_skip_tracking":false,"_monsterinsights_sitenote_active":false,"_monsterinsights_sitenote_note":"","_monsterinsights_sitenote_category":0,"footnotes":""},"categories":[181],"tags":[20220,20221,20222,16039,20223],"class_list":["post-78555","post","type-post","status-publish","format-standard","has-post-thumbnail","hentry","category-internacional","tag-escultura","tag-hiperrealista","tag-jesucristo","tag-muestran","tag-the-mystery-man","wp-image-borders"],"amp_enabled":true,"_links":{"self":[{"href":"https:\/\/nvnoticias.mx\/index.php\/wp-json\/wp\/v2\/posts\/78555","targetHints":{"allow":["GET"]}}],"collection":[{"href":"https:\/\/nvnoticias.mx\/index.php\/wp-json\/wp\/v2\/posts"}],"about":[{"href":"https:\/\/nvnoticias.mx\/index.php\/wp-json\/wp\/v2\/types\/post"}],"author":[{"embeddable":true,"href":"https:\/\/nvnoticias.mx\/index.php\/wp-json\/wp\/v2\/users\/35"}],"replies":[{"embeddable":true,"href":"https:\/\/nvnoticias.mx\/index.php\/wp-json\/wp\/v2\/comments?post=78555"}],"version-history":[{"count":1,"href":"https:\/\/nvnoticias.mx\/index.php\/wp-json\/wp\/v2\/posts\/78555\/revisions"}],"predecessor-version":[{"id":78559,"href":"https:\/\/nvnoticias.mx\/index.php\/wp-json\/wp\/v2\/posts\/78555\/revisions\/78559"}],"wp:featuredmedia":[{"embeddable":true,"href":"https:\/\/nvnoticias.mx\/index.php\/wp-json\/wp\/v2\/media\/78556"}],"wp:attachment":[{"href":"https:\/\/nvnoticias.mx\/index.php\/wp-json\/wp\/v2\/media?parent=78555"}],"wp:term":[{"taxonomy":"category","embeddable":true,"href":"https:\/\/nvnoticias.mx\/index.php\/wp-json\/wp\/v2\/categories?post=78555"},{"taxonomy":"post_tag","embeddable":true,"href":"https:\/\/nvnoticias.mx\/index.php\/wp-json\/wp\/v2\/tags?post=78555"}],"curies":[{"name":"wp","href":"https:\/\/api.w.org\/{rel}","templated":true}]}}