{"id":78547,"date":"2022-10-15T13:21:05","date_gmt":"2022-10-15T18:21:05","guid":{"rendered":"https:\/\/nvnoticias.mx\/?p=78547"},"modified":"2022-10-15T13:21:07","modified_gmt":"2022-10-15T18:21:07","slug":"llega-la-copa-del-mundo-de-la-fifa-al-aifa","status":"publish","type":"post","link":"https:\/\/nvnoticias.mx\/index.php\/2022\/10\/15\/llega-la-copa-del-mundo-de-la-fifa-al-aifa\/","title":{"rendered":"Llega la Copa del Mundo de la FIFA al AIFA"},"content":{"rendered":"\n<p>El Aeropuerto Internacional Felipe \u00c1ngeles (AIFA) recibi\u00f3 uno de sus primeros vuelos internacionales, esta vez con un pasajero de lujo: la Copa Mundial de la FIFA.<\/p>\n\n\n\n<p>Esta copa ser\u00e1 la que 32 equipos, incluida la Selecci\u00f3n Nacional Mexicana, se disputen en noviembre y diciembre pr\u00f3ximos en Qatar, en la edici\u00f3n n\u00famero 23 del Mundial.<\/p>\n\n\n\n<p>El trofeo lleg\u00f3 a la terminal de aviaci\u00f3n general, es decir, donde arriban todos los vuelos privados, en punto de los 10:00 horas procedente de Heathrow, en Londres, Reino Unido.<\/p>\n\n\n\n<p>Al evento asiste el embajador de Qatar en M\u00e9xico, Mohammed Alkuwari; el secretario de Relaciones Exteriores, Marcelo Ebrard, y la subsecretaria Martha Delgado.<\/p>\n\n\n\n<p>El trofeo de la Copa del Mundo estar\u00e1 cinco d\u00edas en el pa\u00eds y se exhibir\u00e1 en la Alcald\u00eda Iztapalapa, en la Ciudad de M\u00e9xico.<\/p>\n\n\n\n<p>En entrevista con medios, el canciller Ebrard estim\u00f3 que alrededor de 100 mil mexicanos asistan a Qatar.<\/p>\n\n\n\n<p>Alrededor de 120 funcionarios de la Canciller\u00eda se embarcar\u00e1n a aquel pa\u00eds para asistir a los mexicanos y cuidar que respeten las normas de la naci\u00f3n catar\u00ed.<\/p>\n\n\n\n<p>Fuente: <a href=\"https:\/\/www.forbes.com.mx\/la-copa-del-mundo-de-la-fifa-llega-al-aifa\/\" data-type=\"URL\" data-id=\"https:\/\/www.forbes.com.mx\/la-copa-del-mundo-de-la-fifa-llega-al-aifa\/\">Forbes<\/a><\/p>\n","protected":false},"excerpt":{"rendered":"<p>El Aeropuerto Internacional Felipe \u00c1ngeles (AIFA) recibi\u00f3 uno de sus primeros vuelos internacionales, esta vez con un pasajero de lujo: la Copa Mundial de la FIFA. Esta copa ser\u00e1 la que 32 equipos, incluida la Selecci\u00f3n Nacional Mexicana, se disputen en noviembre y diciembre pr\u00f3ximos en Qatar, en la edici\u00f3n n\u00famero 23 del Mundial. El [&hellip;]<\/p>\n","protected":false},"author":35,"featured_media":78548,"comment_status":"open","ping_status":"open","sticky":false,"template":"","format":"standard","meta":{"_monsterinsights_skip_tracking":false,"_monsterinsights_sitenote_active":false,"_monsterinsights_sitenote_note":"","_monsterinsights_sitenote_category":0,"footnotes":""},"categories":[159],"tags":[6165,8296,3099,9076,391],"class_list":["post-78547","post","type-post","status-publish","format-standard","has-post-thumbnail","hentry","category-deportes","tag-aifa","tag-copa-del-mundo","tag-fifa","tag-llega","tag-marcelo-ebrard","wp-image-borders"],"amp_enabled":true,"_links":{"self":[{"href":"https:\/\/nvnoticias.mx\/index.php\/wp-json\/wp\/v2\/posts\/78547","targetHints":{"allow":["GET"]}}],"collection":[{"href":"https:\/\/nvnoticias.mx\/index.php\/wp-json\/wp\/v2\/posts"}],"about":[{"href":"https:\/\/nvnoticias.mx\/index.php\/wp-json\/wp\/v2\/types\/post"}],"author":[{"embeddable":true,"href":"https:\/\/nvnoticias.mx\/index.php\/wp-json\/wp\/v2\/users\/35"}],"replies":[{"embeddable":true,"href":"https:\/\/nvnoticias.mx\/index.php\/wp-json\/wp\/v2\/comments?post=78547"}],"version-history":[{"count":1,"href":"https:\/\/nvnoticias.mx\/index.php\/wp-json\/wp\/v2\/posts\/78547\/revisions"}],"predecessor-version":[{"id":78549,"href":"https:\/\/nvnoticias.mx\/index.php\/wp-json\/wp\/v2\/posts\/78547\/revisions\/78549"}],"wp:featuredmedia":[{"embeddable":true,"href":"https:\/\/nvnoticias.mx\/index.php\/wp-json\/wp\/v2\/media\/78548"}],"wp:attachment":[{"href":"https:\/\/nvnoticias.mx\/index.php\/wp-json\/wp\/v2\/media?parent=78547"}],"wp:term":[{"taxonomy":"category","embeddable":true,"href":"https:\/\/nvnoticias.mx\/index.php\/wp-json\/wp\/v2\/categories?post=78547"},{"taxonomy":"post_tag","embeddable":true,"href":"https:\/\/nvnoticias.mx\/index.php\/wp-json\/wp\/v2\/tags?post=78547"}],"curies":[{"name":"wp","href":"https:\/\/api.w.org\/{rel}","templated":true}]}}