{"id":78525,"date":"2022-10-15T12:31:20","date_gmt":"2022-10-15T17:31:20","guid":{"rendered":"https:\/\/nvnoticias.mx\/?p=78525"},"modified":"2022-10-15T12:31:21","modified_gmt":"2022-10-15T17:31:21","slug":"preocupado-marcelo-ebrard-por-la-copa-del-mundo-de-qatar-2022","status":"publish","type":"post","link":"https:\/\/nvnoticias.mx\/index.php\/2022\/10\/15\/preocupado-marcelo-ebrard-por-la-copa-del-mundo-de-qatar-2022\/","title":{"rendered":"Preocupado Marcelo Ebrard por la Copa del Mundo de Qatar 2022"},"content":{"rendered":"\n<p>La\u00a0<strong>Copa del Mundo de Qatar 2022<\/strong>\u00a0ya est\u00e1 en suelo mexicano. El codiciado cetro arribo este s\u00e1bado por la ma\u00f1ana al\u00a0<strong>Aeropuerto Internacional Felipe \u00c1ngeles<\/strong>\u00a0(AIFA), donde fue recibido por Marcelo Ebrard, Secretario de Relaciones Exteriores.<\/p>\n\n\n\n<p>El\u00a0<strong>Canciller\u00a0<\/strong>se mostr\u00f3 contento con la llegada de la copa que recibir\u00e1 el campe\u00f3n de la pr\u00f3xima justa mundialista y hasta asegur\u00f3 que &#8220;la Selecci\u00f3n Mexicana llegar\u00e1 al quinto partido y m\u00e1s lejos&#8221;.<\/p>\n\n\n\n<p>Ebrard explic\u00f3 la presencia de la\u00a0<strong>Guardia Nacional<\/strong>\u00a0y de m\u00e1s autoridades mexicanas en suelo qatar\u00ed, ya que desde su perspectiva, preocupa el seguimiento de las reglas por parte de los mexicanos.\u00a0<\/p>\n\n\n\n<blockquote class=\"wp-block-quote is-layout-flow wp-block-quote-is-layout-flow\"><p>&#8220;Se estima m\u00e1s de 100 mil aficionados mexicanos. Vamos a tener asistencia porque lo que m\u00e1s nos preocupa es el seguimiento de las reglas de quienes vayan a asistir. Tenemos un centro de apoyo all\u00e1&#8221;, declar\u00f3 el canciller a su llegada al evento.\u00a0<\/p><\/blockquote>\n\n\n\n<blockquote class=\"wp-block-quote is-layout-flow wp-block-quote-is-layout-flow\"><p>&#8220;El Centro M\u00e9xico va a estar instalado en tiempo y forma&#8230; Son indispensables (15 elementos de la Guardia Nacional) como enlaces. \u00bfCu\u00e1l ser\u00e1 la misi\u00f3n que les vamos a encomendar? Bueno, que est\u00e9n en los juegos, principalmente en los de M\u00e9xico y que orienten a los aficionados. No s\u00f3lo son 15, hay otras dependencias y probablemente ser\u00e1n 120 personas trabajando para la afici\u00f3n&#8221;, agreg\u00f3.\u00a0<\/p><\/blockquote>\n\n\n\n<p>M\u00e9xico ser\u00e1 sede mundialista para la pr\u00f3xima justa de 2026 y&nbsp;<strong>Marcelo Ebrard<\/strong>&nbsp;asegur\u00f3 que estas actividades ya son parte de los preparativos rumbo a la Copa del Mundo que comparte con&nbsp;<strong>Estados Unidos<\/strong>&nbsp;y&nbsp;<strong>Canad\u00e1<\/strong>.<\/p>\n\n\n\n<blockquote class=\"wp-block-quote is-layout-flow wp-block-quote-is-layout-flow\"><p>&#8220;Tambi\u00e9n vamos a aprender porque vamos a ser sede en 2026 y me interesa que la\u00a0<strong>Guardia Nacional<\/strong>\u00a0mande a su personal para que nos vayamos preparando&#8221;.<\/p><\/blockquote>\n","protected":false},"excerpt":{"rendered":"<p>La\u00a0Copa del Mundo de Qatar 2022\u00a0ya est\u00e1 en suelo mexicano. El codiciado cetro arribo este s\u00e1bado por la ma\u00f1ana al\u00a0Aeropuerto Internacional Felipe \u00c1ngeles\u00a0(AIFA), donde fue recibido por Marcelo Ebrard, Secretario de Relaciones Exteriores. El\u00a0Canciller\u00a0se mostr\u00f3 contento con la llegada de la copa que recibir\u00e1 el campe\u00f3n de la pr\u00f3xima justa mundialista y hasta asegur\u00f3 que [&hellip;]<\/p>\n","protected":false},"author":35,"featured_media":69455,"comment_status":"open","ping_status":"open","sticky":false,"template":"","format":"standard","meta":{"_monsterinsights_skip_tracking":false,"_monsterinsights_sitenote_active":false,"_monsterinsights_sitenote_note":"","_monsterinsights_sitenote_category":0,"footnotes":""},"categories":[159],"tags":[8296,391,18535,3466],"class_list":["post-78525","post","type-post","status-publish","format-standard","has-post-thumbnail","hentry","category-deportes","tag-copa-del-mundo","tag-marcelo-ebrard","tag-preocupado","tag-qatar-2022","wp-image-borders"],"amp_enabled":true,"_links":{"self":[{"href":"https:\/\/nvnoticias.mx\/index.php\/wp-json\/wp\/v2\/posts\/78525","targetHints":{"allow":["GET"]}}],"collection":[{"href":"https:\/\/nvnoticias.mx\/index.php\/wp-json\/wp\/v2\/posts"}],"about":[{"href":"https:\/\/nvnoticias.mx\/index.php\/wp-json\/wp\/v2\/types\/post"}],"author":[{"embeddable":true,"href":"https:\/\/nvnoticias.mx\/index.php\/wp-json\/wp\/v2\/users\/35"}],"replies":[{"embeddable":true,"href":"https:\/\/nvnoticias.mx\/index.php\/wp-json\/wp\/v2\/comments?post=78525"}],"version-history":[{"count":1,"href":"https:\/\/nvnoticias.mx\/index.php\/wp-json\/wp\/v2\/posts\/78525\/revisions"}],"predecessor-version":[{"id":78526,"href":"https:\/\/nvnoticias.mx\/index.php\/wp-json\/wp\/v2\/posts\/78525\/revisions\/78526"}],"wp:featuredmedia":[{"embeddable":true,"href":"https:\/\/nvnoticias.mx\/index.php\/wp-json\/wp\/v2\/media\/69455"}],"wp:attachment":[{"href":"https:\/\/nvnoticias.mx\/index.php\/wp-json\/wp\/v2\/media?parent=78525"}],"wp:term":[{"taxonomy":"category","embeddable":true,"href":"https:\/\/nvnoticias.mx\/index.php\/wp-json\/wp\/v2\/categories?post=78525"},{"taxonomy":"post_tag","embeddable":true,"href":"https:\/\/nvnoticias.mx\/index.php\/wp-json\/wp\/v2\/tags?post=78525"}],"curies":[{"name":"wp","href":"https:\/\/api.w.org\/{rel}","templated":true}]}}