{"id":78503,"date":"2022-10-15T10:51:04","date_gmt":"2022-10-15T15:51:04","guid":{"rendered":"https:\/\/nvnoticias.mx\/?p=78503"},"modified":"2022-10-15T10:51:05","modified_gmt":"2022-10-15T15:51:05","slug":"niega-iran-estar-entregando-a-rusia-armas-para-ser-usadas-en-ucrania","status":"publish","type":"post","link":"https:\/\/nvnoticias.mx\/index.php\/2022\/10\/15\/niega-iran-estar-entregando-a-rusia-armas-para-ser-usadas-en-ucrania\/","title":{"rendered":"Niega Ir\u00e1n estar entregando a Rusia armas &#8220;para ser usadas&#8221; en Ucrania"},"content":{"rendered":"\n<p>Ir\u00e1n desminti\u00f3 este s\u00e1bado haber suministrado a Rusia armas &#8220;para ser usadas en la guerra de Ucrania&#8221;, tal como le acusan Kiev y sus aliados occidentales.<\/p>\n\n\n\n<p>Kiev y las potencias occidentales han acusado a Mosc\u00fa de utilizar\u00a0<strong>drones de fabricaci\u00f3n iran\u00ed\u00a0<\/strong>en las \u00faltimas semanas en sus ataques en Ucrania.<\/p>\n\n\n\n<p>El asunto ser\u00e1 abordado previsiblemente por los cancilleres de la Uni\u00f3n Europea en una reuni\u00f3n el lunes en Luxemburgo.<\/p>\n\n\n\n<p>El ministro iran\u00ed de Relaciones Exteriores, Hossein Amir-Abdollahian, &#8220;enfatiz\u00f3 que la Rep\u00fablica Isl\u00e1mica de Ir\u00e1n no ha suministrado ni suministrar\u00e1 ning\u00fan arma para ser usada en la guerra de Ucrania&#8221;, indic\u00f3 en un comunicado la canciller\u00eda iran\u00ed.<\/p>\n\n\n\n<p><strong>&#8220;Creemos que el hecho de armar a cada parte de la crisis prolongar\u00e1 la guerra&#8221;<\/strong>, dijo el ministro iran\u00ed por otro lado en una llamada con su hom\u00f3logo portugu\u00e9s, Joao Gomes Cravinho.<\/p>\n\n\n\n<blockquote class=\"wp-block-quote is-layout-flow wp-block-quote-is-layout-flow\"><p>&#8220;No creemos que la guerra sea el camino correcto, ni en Ucrania, ni en Afganist\u00e1n, ni en Siria ni en Yemen&#8221;, agreg\u00f3.<\/p><\/blockquote>\n\n\n\n<p>En otra llamada telef\u00f3nica el viernes con el jefe de la diplomacia europea, Josep Borrell, Amir-Abdollahian reiter\u00f3 la posici\u00f3n oficial de neutralidad adoptada por su pa\u00eds ante el conflicto iniciado en febrero.<\/p>\n\n\n\n<p><strong>&#8220;Cooperamos con Rusia en materia de Defensa<\/strong>, pero nuestra pol\u00edtica en cuanto a la guerra de Ucrania consiste en no enviar armas a las partes en conflicto, en detener la guerra y poner fin al desplazamiento de personas&#8221;, argument\u00f3 el canciller iran\u00ed.<\/p>\n\n\n\n<p>El lunes, el presidente ucraniano, Volodimir Zelenski, dijo que&nbsp;<strong>Rusia utiliz\u00f3 drones iran\u00edes para atacar infraestructuras energ\u00e9ticas&nbsp;<\/strong>en varias ciudades de Ucrania.<\/p>\n\n\n\n<p>El pasado mes, Ucrania decidi\u00f3 reducir significativamente sus relaciones diplom\u00e1ticas con Teher\u00e1n por la presunta entrega de armas a Rusia.<\/p>\n\n\n\n<p>Fuente: <a href=\"https:\/\/www.eluniversal.com.mx\/mundo\/iran-niega-estar-entregando-rusia-armas-para-ser-usadas-en-ucrania\" data-type=\"URL\" data-id=\"https:\/\/www.eluniversal.com.mx\/mundo\/iran-niega-estar-entregando-rusia-armas-para-ser-usadas-en-ucrania\">El Universal<\/a><\/p>\n","protected":false},"excerpt":{"rendered":"<p>Ir\u00e1n desminti\u00f3 este s\u00e1bado haber suministrado a Rusia armas &#8220;para ser usadas en la guerra de Ucrania&#8221;, tal como le acusan Kiev y sus aliados occidentales. Kiev y las potencias occidentales han acusado a Mosc\u00fa de utilizar\u00a0drones de fabricaci\u00f3n iran\u00ed\u00a0en las \u00faltimas semanas en sus ataques en Ucrania. El asunto ser\u00e1 abordado previsiblemente por los [&hellip;]<\/p>\n","protected":false},"author":35,"featured_media":49853,"comment_status":"open","ping_status":"open","sticky":false,"template":"","format":"standard","meta":{"_monsterinsights_skip_tracking":false,"_monsterinsights_sitenote_active":false,"_monsterinsights_sitenote_note":"","_monsterinsights_sitenote_category":0,"footnotes":""},"categories":[181],"tags":[2672,20209,5665,7927,5041,20210],"class_list":["post-78503","post","type-post","status-publish","format-standard","has-post-thumbnail","hentry","category-internacional","tag-armas","tag-entregando","tag-iran","tag-niega","tag-ucrania","tag-usadas","wp-image-borders"],"amp_enabled":true,"_links":{"self":[{"href":"https:\/\/nvnoticias.mx\/index.php\/wp-json\/wp\/v2\/posts\/78503","targetHints":{"allow":["GET"]}}],"collection":[{"href":"https:\/\/nvnoticias.mx\/index.php\/wp-json\/wp\/v2\/posts"}],"about":[{"href":"https:\/\/nvnoticias.mx\/index.php\/wp-json\/wp\/v2\/types\/post"}],"author":[{"embeddable":true,"href":"https:\/\/nvnoticias.mx\/index.php\/wp-json\/wp\/v2\/users\/35"}],"replies":[{"embeddable":true,"href":"https:\/\/nvnoticias.mx\/index.php\/wp-json\/wp\/v2\/comments?post=78503"}],"version-history":[{"count":1,"href":"https:\/\/nvnoticias.mx\/index.php\/wp-json\/wp\/v2\/posts\/78503\/revisions"}],"predecessor-version":[{"id":78504,"href":"https:\/\/nvnoticias.mx\/index.php\/wp-json\/wp\/v2\/posts\/78503\/revisions\/78504"}],"wp:featuredmedia":[{"embeddable":true,"href":"https:\/\/nvnoticias.mx\/index.php\/wp-json\/wp\/v2\/media\/49853"}],"wp:attachment":[{"href":"https:\/\/nvnoticias.mx\/index.php\/wp-json\/wp\/v2\/media?parent=78503"}],"wp:term":[{"taxonomy":"category","embeddable":true,"href":"https:\/\/nvnoticias.mx\/index.php\/wp-json\/wp\/v2\/categories?post=78503"},{"taxonomy":"post_tag","embeddable":true,"href":"https:\/\/nvnoticias.mx\/index.php\/wp-json\/wp\/v2\/tags?post=78503"}],"curies":[{"name":"wp","href":"https:\/\/api.w.org\/{rel}","templated":true}]}}