{"id":78420,"date":"2022-10-14T12:44:17","date_gmt":"2022-10-14T17:44:17","guid":{"rendered":"https:\/\/nvnoticias.mx\/?p=78420"},"modified":"2022-10-14T12:45:07","modified_gmt":"2022-10-14T17:45:07","slug":"manzanillo-mueve-mas-mercancia-que-veracruz-por-el-crecimiento-del-comercio-asiatico","status":"publish","type":"post","link":"https:\/\/nvnoticias.mx\/index.php\/2022\/10\/14\/manzanillo-mueve-mas-mercancia-que-veracruz-por-el-crecimiento-del-comercio-asiatico\/","title":{"rendered":"Manzanillo mueve m\u00e1s mercanc\u00eda que Veracruz por el crecimiento del comercio asi\u00e1tico"},"content":{"rendered":"\n<p><strong>Jes\u00fas Utrilla | NV Noticias<\/strong><\/p>\n\n\n\n<p>El crecimiento del comercio asi\u00e1tico repunt\u00f3 el movimiento de mercanc\u00eda en Manzanillo, sin embargo, el Puerto de Veracruz sigue siendo el principal recinto portuario del Golfo de M\u00e9xico.<\/p>\n\n\n\n<p>El vicepresidente del Consejo Empresarial Mexicano de Comercio Exterior, Inversi\u00f3n y Tecnolog\u00eda del Estado de Veracruz, A.C. (COMCE) , Ram\u00f3n G\u00f3mez Barqu\u00edn, admiti\u00f3 que Manzanillo ocupa el primer lugar en movimiento de mercanc\u00eda en el pa\u00eds, sin embargo, no afecta a Veracruz.<\/p>\n\n\n\n<p>Y es que hay rutas que pasan por el Canal de Panam\u00e1 y llegan directo a Veracruz.Y de Europa a Manzanillo no existe ese tipo de fletes.<\/p>\n\n\n\n<blockquote class=\"wp-block-quote is-layout-flow wp-block-quote-is-layout-flow\"><p>\u201cA nivel Nacional Manzanillo mueve m\u00e1s pero en la Costa del Golfo, Veracruz es y seguir\u00e1 siendo el l\u00edder. En primer lugar est\u00e1 el de Colima pero ellos son un puerto que reciben contenedores y los mandan a otro lado. Lo de Veracruz todo se queda en el pa\u00eds, por eso somos segundo lugar\u201d.&nbsp;<\/p><\/blockquote>\n\n\n\n<p>Aclar\u00f3 que son mercados distintos y este a\u00f1o el Puerto de Veracruz espera cerrar con 35 millones de toneladas de mercanc\u00eda movida.<\/p>\n\n\n\n<p>Lo atribuy\u00f3 a varios factores incluida la productividad de las empresas portuarias.<\/p>\n\n\n\n<blockquote class=\"wp-block-quote is-layout-flow wp-block-quote-is-layout-flow\"><p>\u201cVeracruz es un puerto muy vers\u00e1til, maneja contenedores, carga general, granel mineral, granel agr\u00edcola, productos agroindustriales, l\u00edquidos\u201d.<\/p><\/blockquote>\n\n\n\n<p>La cercan\u00eda de Veracruz con la Ciudad de M\u00e9xico lo vuelve m\u00e1s competitivo porque es un centro log\u00edstico multimodal, al contar con puerto, aeropuerto y ferrocarril.<\/p>\n","protected":false},"excerpt":{"rendered":"<p>Jes\u00fas Utrilla | NV Noticias El crecimiento del comercio asi\u00e1tico repunt\u00f3 el movimiento de mercanc\u00eda en Manzanillo, sin embargo, el Puerto de Veracruz sigue siendo el principal recinto portuario del Golfo de M\u00e9xico. El vicepresidente del Consejo Empresarial Mexicano de Comercio Exterior, Inversi\u00f3n y Tecnolog\u00eda del Estado de Veracruz, A.C. (COMCE) , Ram\u00f3n G\u00f3mez Barqu\u00edn, [&hellip;]<\/p>\n","protected":false},"author":7,"featured_media":78423,"comment_status":"open","ping_status":"open","sticky":false,"template":"","format":"standard","meta":{"_monsterinsights_skip_tracking":false,"_monsterinsights_sitenote_active":false,"_monsterinsights_sitenote_note":"","_monsterinsights_sitenote_category":0,"footnotes":""},"categories":[154],"tags":[20191,2699,15965,180],"class_list":["post-78420","post","type-post","status-publish","format-standard","has-post-thumbnail","hentry","category-veracruz","tag-comercio-asiatico","tag-crecimiento","tag-manzanillo","tag-veracruz","wp-image-borders"],"amp_enabled":true,"_links":{"self":[{"href":"https:\/\/nvnoticias.mx\/index.php\/wp-json\/wp\/v2\/posts\/78420","targetHints":{"allow":["GET"]}}],"collection":[{"href":"https:\/\/nvnoticias.mx\/index.php\/wp-json\/wp\/v2\/posts"}],"about":[{"href":"https:\/\/nvnoticias.mx\/index.php\/wp-json\/wp\/v2\/types\/post"}],"author":[{"embeddable":true,"href":"https:\/\/nvnoticias.mx\/index.php\/wp-json\/wp\/v2\/users\/7"}],"replies":[{"embeddable":true,"href":"https:\/\/nvnoticias.mx\/index.php\/wp-json\/wp\/v2\/comments?post=78420"}],"version-history":[{"count":2,"href":"https:\/\/nvnoticias.mx\/index.php\/wp-json\/wp\/v2\/posts\/78420\/revisions"}],"predecessor-version":[{"id":78424,"href":"https:\/\/nvnoticias.mx\/index.php\/wp-json\/wp\/v2\/posts\/78420\/revisions\/78424"}],"wp:featuredmedia":[{"embeddable":true,"href":"https:\/\/nvnoticias.mx\/index.php\/wp-json\/wp\/v2\/media\/78423"}],"wp:attachment":[{"href":"https:\/\/nvnoticias.mx\/index.php\/wp-json\/wp\/v2\/media?parent=78420"}],"wp:term":[{"taxonomy":"category","embeddable":true,"href":"https:\/\/nvnoticias.mx\/index.php\/wp-json\/wp\/v2\/categories?post=78420"},{"taxonomy":"post_tag","embeddable":true,"href":"https:\/\/nvnoticias.mx\/index.php\/wp-json\/wp\/v2\/tags?post=78420"}],"curies":[{"name":"wp","href":"https:\/\/api.w.org\/{rel}","templated":true}]}}