{"id":78409,"date":"2022-10-14T12:30:02","date_gmt":"2022-10-14T17:30:02","guid":{"rendered":"https:\/\/nvnoticias.mx\/?p=78409"},"modified":"2022-10-14T12:30:02","modified_gmt":"2022-10-14T17:30:02","slug":"alejandro-encinas-najera-es-el-nuevo-subsecretario-de-economia","status":"publish","type":"post","link":"https:\/\/nvnoticias.mx\/index.php\/2022\/10\/14\/alejandro-encinas-najera-es-el-nuevo-subsecretario-de-economia\/","title":{"rendered":"Alejandro Encinas N\u00e1jera es el nuevo subsecretario de Econom\u00eda"},"content":{"rendered":"\n<p>La Secretaria de Econom\u00eda, Raquel Buenrostro, present\u00f3 este viernes al Dr.\u00a0Alejandro Encinas N\u00e1jera\u00a0como Subsecretario de Comercio Exterior y al Lic. Luis Abel Romero L\u00f3pez como Subsecretario de Industria y Comercio.<\/p>\n\n\n\n<p>Alejandro es maestro en Ciencias Pol\u00edticas por la Universidad Aut\u00f3noma de Barcelona y licenciado en ciencias pol\u00edticas y administraci\u00f3n p\u00fablica por la Universidad Nacional Aut\u00f3noma de M\u00e9xico. Fungi\u00f3 como Asesor en el Senado de la Rep\u00fablica y en la Presidencia del Instituto Belisario Dom\u00ednguez.<\/p>\n\n\n\n<p>Fue Consultor de la Fundaci\u00f3n para el Fortalecimiento de los Gobiernos Locales, as\u00ed como Jefe de la Unidad Departamental de Servicios Sociales y Educativos de la Delegaci\u00f3n Coyoac\u00e1n. Asimismo, cuenta con experiencia docente y en medios de comunicaci\u00f3n, en especial como Editor de la revista La Zurda y como analista pol\u00edtico en Proyecto 40.<\/p>\n\n\n\n<p>Fuente: <a href=\"https:\/\/www.elfinanciero.com.mx\/nacional\/2022\/10\/14\/hay-nuevo-negociador-del-t-mec-alejandro-encinas-najera-es-el-nuevo-subsecretario-de-economia\/?outputType=amp\">El Financiero<\/a><\/p>\n","protected":false},"excerpt":{"rendered":"<p>La Secretaria de Econom\u00eda, Raquel Buenrostro, present\u00f3 este viernes al Dr.\u00a0Alejandro Encinas N\u00e1jera\u00a0como Subsecretario de Comercio Exterior y al Lic. Luis Abel Romero L\u00f3pez como Subsecretario de Industria y Comercio. Alejandro es maestro en Ciencias Pol\u00edticas por la Universidad Aut\u00f3noma de Barcelona y licenciado en ciencias pol\u00edticas y administraci\u00f3n p\u00fablica por la Universidad Nacional Aut\u00f3noma [&hellip;]<\/p>\n","protected":false},"author":8,"featured_media":78411,"comment_status":"open","ping_status":"open","sticky":false,"template":"","format":"standard","meta":{"_monsterinsights_skip_tracking":false,"_monsterinsights_sitenote_active":false,"_monsterinsights_sitenote_note":"","_monsterinsights_sitenote_category":0,"footnotes":""},"categories":[157],"tags":[20187,162,20188,3163],"class_list":["post-78409","post","type-post","status-publish","format-standard","has-post-thumbnail","hentry","category-nacional","tag-alejandro-encinas-najera","tag-portada","tag-subsecretario-de-economia","tag-t-mec","wp-image-borders"],"amp_enabled":true,"_links":{"self":[{"href":"https:\/\/nvnoticias.mx\/index.php\/wp-json\/wp\/v2\/posts\/78409","targetHints":{"allow":["GET"]}}],"collection":[{"href":"https:\/\/nvnoticias.mx\/index.php\/wp-json\/wp\/v2\/posts"}],"about":[{"href":"https:\/\/nvnoticias.mx\/index.php\/wp-json\/wp\/v2\/types\/post"}],"author":[{"embeddable":true,"href":"https:\/\/nvnoticias.mx\/index.php\/wp-json\/wp\/v2\/users\/8"}],"replies":[{"embeddable":true,"href":"https:\/\/nvnoticias.mx\/index.php\/wp-json\/wp\/v2\/comments?post=78409"}],"version-history":[{"count":1,"href":"https:\/\/nvnoticias.mx\/index.php\/wp-json\/wp\/v2\/posts\/78409\/revisions"}],"predecessor-version":[{"id":78412,"href":"https:\/\/nvnoticias.mx\/index.php\/wp-json\/wp\/v2\/posts\/78409\/revisions\/78412"}],"wp:featuredmedia":[{"embeddable":true,"href":"https:\/\/nvnoticias.mx\/index.php\/wp-json\/wp\/v2\/media\/78411"}],"wp:attachment":[{"href":"https:\/\/nvnoticias.mx\/index.php\/wp-json\/wp\/v2\/media?parent=78409"}],"wp:term":[{"taxonomy":"category","embeddable":true,"href":"https:\/\/nvnoticias.mx\/index.php\/wp-json\/wp\/v2\/categories?post=78409"},{"taxonomy":"post_tag","embeddable":true,"href":"https:\/\/nvnoticias.mx\/index.php\/wp-json\/wp\/v2\/tags?post=78409"}],"curies":[{"name":"wp","href":"https:\/\/api.w.org\/{rel}","templated":true}]}}