{"id":78389,"date":"2022-10-14T11:37:34","date_gmt":"2022-10-14T16:37:34","guid":{"rendered":"https:\/\/nvnoticias.mx\/?p=78389"},"modified":"2022-10-14T11:37:36","modified_gmt":"2022-10-14T16:37:36","slug":"eu-decidio-no-transitar-a-panel-energetico-bajo-t-mec-amlo","status":"publish","type":"post","link":"https:\/\/nvnoticias.mx\/index.php\/2022\/10\/14\/eu-decidio-no-transitar-a-panel-energetico-bajo-t-mec-amlo\/","title":{"rendered":"EU decidi\u00f3 no transitar a panel energ\u00e9tico bajo T-MEC: AMLO"},"content":{"rendered":"\n<p>El presidente Andr\u00e9s Manuel L\u00f3pez Obrador revel\u00f3 que Estados Unidos desisti\u00f3 de transitar a un panel contra M\u00e9xico por su pol\u00edtica energ\u00e9tica. <\/p>\n\n\n\n<p>En la conferencia ma\u00f1anera de Palacio Nacional, el mandatario explic\u00f3 que en el marco del Tratado del Libre Comercio (T-MEC) se est\u00e1 buscando un acuerdo conjunto para que no exista confrontaci\u00f3n. <\/p>\n\n\n\n<blockquote class=\"wp-block-quote is-layout-flow wp-block-quote-is-layout-flow\"><p>\u201c<em>Cuando se pens\u00f3 que iba a haber conflictos por la consulta en materia energ\u00e9tica, informamos, aclaramos, dimos a conocer nuestro punto de vista y ellos han decidido no dar un paso hacia un panel y se est\u00e1 buscando un acuerdo, un arreglo, que no haya confrontaci\u00f3n<\/em>\u201d, dijo. <\/p><\/blockquote>\n\n\n\n<p>La solicitud de un proceso de consulta comenz\u00f3 el pasado 20 de julio, cuando gobierno de Estados Unidos acus\u00f3 a la administraci\u00f3n del presidente Andr\u00e9s Manuel L\u00f3pez Obrador de excluir al capital extranjero y dar preferencia los proyectos de las empresas estatales Pemex y CFE. Un argumento que tambi\u00e9n sirvi\u00f3 a Canad\u00e1 para pedir su propio recurso de consulta hacia M\u00e9xico. <\/p>\n\n\n\n<p>Y el 3 de octubre, concluy\u00f3 el plazo inicial para que se llevaran a cabo las consultas solicitadas. Si no se llegaba a un acuerdo, iniciar\u00eda el proceso de formaci\u00f3n de un panel para dirimir las inconformidades. <\/p>\n\n\n\n<p>L\u00f3pez Obrador asegur\u00f3 que van muy bien las relaciones con Estados Unidos y la muestra es que a finales de este mes se espera la visita de John Kerry, enviado especial de la Casa Blanca para el clima. <\/p>\n\n\n\n<p>El presidente reproch\u00f3 que todav\u00eda publiquen notas de supuestos expertos y especialistas que se frotan las manos esperando que haya confrontaci\u00f3n entre los gobiernos de M\u00e9xico y Estados Unidos. Por ello, les pidi\u00f3 que se serenen \u201cque cuenten hasta 10, los respetamos mucho\u201d. <\/p>\n\n\n\n<p>En tanto, aprovech\u00f3 para agradecer a los pa\u00edses integrantes de la Organizaci\u00f3n de Pa\u00edses Exportadores de Petr\u00f3leo\u00a0(OPEP) por respetar la decisi\u00f3n de M\u00e9xico de no reducir su volumen de producci\u00f3n de petr\u00f3leo. <\/p>\n\n\n\n<p>Fuente: <a href=\"https:\/\/www.milenio.com\/politica\/eu-decidio-transitar-panel-energetico-t-mec-amlo\">Milenio<\/a><\/p>\n","protected":false},"excerpt":{"rendered":"<p>El presidente Andr\u00e9s Manuel L\u00f3pez Obrador revel\u00f3 que Estados Unidos desisti\u00f3 de transitar a un panel contra M\u00e9xico por su pol\u00edtica energ\u00e9tica. En la conferencia ma\u00f1anera de Palacio Nacional, el mandatario explic\u00f3 que en el marco del Tratado del Libre Comercio (T-MEC) se est\u00e1 buscando un acuerdo conjunto para que no exista confrontaci\u00f3n. \u201cCuando se [&hellip;]<\/p>\n","protected":false},"author":8,"featured_media":71623,"comment_status":"open","ping_status":"open","sticky":false,"template":"","format":"standard","meta":{"_monsterinsights_skip_tracking":false,"_monsterinsights_sitenote_active":false,"_monsterinsights_sitenote_note":"","_monsterinsights_sitenote_category":0,"footnotes":""},"categories":[157],"tags":[188,3218,20183,3163],"class_list":["post-78389","post","type-post","status-publish","format-standard","has-post-thumbnail","hentry","category-nacional","tag-amlo","tag-eu","tag-panel-energetico","tag-t-mec","wp-image-borders"],"amp_enabled":true,"_links":{"self":[{"href":"https:\/\/nvnoticias.mx\/index.php\/wp-json\/wp\/v2\/posts\/78389","targetHints":{"allow":["GET"]}}],"collection":[{"href":"https:\/\/nvnoticias.mx\/index.php\/wp-json\/wp\/v2\/posts"}],"about":[{"href":"https:\/\/nvnoticias.mx\/index.php\/wp-json\/wp\/v2\/types\/post"}],"author":[{"embeddable":true,"href":"https:\/\/nvnoticias.mx\/index.php\/wp-json\/wp\/v2\/users\/8"}],"replies":[{"embeddable":true,"href":"https:\/\/nvnoticias.mx\/index.php\/wp-json\/wp\/v2\/comments?post=78389"}],"version-history":[{"count":1,"href":"https:\/\/nvnoticias.mx\/index.php\/wp-json\/wp\/v2\/posts\/78389\/revisions"}],"predecessor-version":[{"id":78392,"href":"https:\/\/nvnoticias.mx\/index.php\/wp-json\/wp\/v2\/posts\/78389\/revisions\/78392"}],"wp:featuredmedia":[{"embeddable":true,"href":"https:\/\/nvnoticias.mx\/index.php\/wp-json\/wp\/v2\/media\/71623"}],"wp:attachment":[{"href":"https:\/\/nvnoticias.mx\/index.php\/wp-json\/wp\/v2\/media?parent=78389"}],"wp:term":[{"taxonomy":"category","embeddable":true,"href":"https:\/\/nvnoticias.mx\/index.php\/wp-json\/wp\/v2\/categories?post=78389"},{"taxonomy":"post_tag","embeddable":true,"href":"https:\/\/nvnoticias.mx\/index.php\/wp-json\/wp\/v2\/tags?post=78389"}],"curies":[{"name":"wp","href":"https:\/\/api.w.org\/{rel}","templated":true}]}}