{"id":78365,"date":"2022-10-14T10:41:10","date_gmt":"2022-10-14T15:41:10","guid":{"rendered":"https:\/\/nvnoticias.mx\/?p=78365"},"modified":"2022-10-14T10:41:11","modified_gmt":"2022-10-14T15:41:11","slug":"en-dialogo-con-eu-concluimos-que-mexico-va-hacia-mayor-seguridad-ebrard","status":"publish","type":"post","link":"https:\/\/nvnoticias.mx\/index.php\/2022\/10\/14\/en-dialogo-con-eu-concluimos-que-mexico-va-hacia-mayor-seguridad-ebrard\/","title":{"rendered":"En di\u00e1logo con EU concluimos que M\u00e9xico va hacia mayor seguridad: Ebrard"},"content":{"rendered":"\n<p>El Secretario de Relaciones Exteriores, Marcelo Ebrard, comparti\u00f3 este viernes en la conferencia matutina del presidente Andr\u00e9s Manuel L\u00f3pez Obrador, detalles sobre la Reuni\u00f3n Anual de Entendimiento Bicentenario que se realiz\u00f3 en la v\u00edspera entre las autoridades de M\u00e9xico y Estados Unidos.<\/p>\n\n\n\n<p>Se pidi\u00f3 a las autoridades estadounidenses la revisi\u00f3n de autos que salen de su territorio, para impedir el ingreso de armas a M\u00e9xico, detall\u00f3 el canciller.<\/p>\n\n\n\n<p>Al respecto, expuso que tienen detectados los 10 territorios de Estados Unidos, de los cuales salen principalmente las armas que ingresan al territorio fronterizo de M\u00e9xico.<\/p>\n\n\n\n<p>Asimismo, se pact\u00f3 una campa\u00f1a para difundir a la poblaci\u00f3n de ambas naciones qu\u00e9 es el fentanilo, como un esfuerzo conjunto para frenar el tr\u00e1fico de drogas.<\/p>\n\n\n\n<p>Ebrard coment\u00f3 que en el encuentro entre funcionarios mexicanos y estadounidenses, tambi\u00e9n se habl\u00f3 sobre las personas desaparecidas en M\u00e9xico, y al respecto, dijo que \u201chabr\u00e1 inversiones para ampliar la capacidad for\u00e9nsica de M\u00e9xico en materia de desapariciones\u201d.<\/p>\n\n\n\n<p>En la conferencia de este viernes, Ebrard resalt\u00f3 que el secretario de Estado Antony Blinken coincidi\u00f3 con \u00e9l en la fortaleza de la relaci\u00f3n entre M\u00e9xico y EU para combatir la delincuencia.<\/p>\n\n\n\n<p>\u201cBlinken y yo pensamos que es la relaci\u00f3n m\u00e1s fuerte de seguridad que hay entre dos pa\u00edses en el mundo\u201d, coment\u00f3, y hasta present\u00f3 el video con la declaraci\u00f3n del funcionario estadounidense celebrando el esp\u00edritu mexicano para abordar el tema.<\/p>\n\n\n\n<p>Fuente: <a href=\"https:\/\/www.forbes.com.mx\/en-dialogo-con-eu-concluimos-que-mexico-va-hacia-mayor-seguridad-ebrard\/\" data-type=\"URL\" data-id=\"https:\/\/www.forbes.com.mx\/en-dialogo-con-eu-concluimos-que-mexico-va-hacia-mayor-seguridad-ebrard\/\">Forbes<\/a><\/p>\n","protected":false},"excerpt":{"rendered":"<p>El Secretario de Relaciones Exteriores, Marcelo Ebrard, comparti\u00f3 este viernes en la conferencia matutina del presidente Andr\u00e9s Manuel L\u00f3pez Obrador, detalles sobre la Reuni\u00f3n Anual de Entendimiento Bicentenario que se realiz\u00f3 en la v\u00edspera entre las autoridades de M\u00e9xico y Estados Unidos. Se pidi\u00f3 a las autoridades estadounidenses la revisi\u00f3n de autos que salen de [&hellip;]<\/p>\n","protected":false},"author":35,"featured_media":78366,"comment_status":"open","ping_status":"open","sticky":false,"template":"","format":"standard","meta":{"_monsterinsights_skip_tracking":false,"_monsterinsights_sitenote_active":false,"_monsterinsights_sitenote_note":"","_monsterinsights_sitenote_category":0,"footnotes":""},"categories":[158],"tags":[20177,7297,183,292],"class_list":["post-78365","post","type-post","status-publish","format-standard","has-post-thumbnail","hentry","category-politica","tag-concluimos","tag-dialogo","tag-estados-unidos","tag-mexico","wp-image-borders"],"amp_enabled":true,"_links":{"self":[{"href":"https:\/\/nvnoticias.mx\/index.php\/wp-json\/wp\/v2\/posts\/78365","targetHints":{"allow":["GET"]}}],"collection":[{"href":"https:\/\/nvnoticias.mx\/index.php\/wp-json\/wp\/v2\/posts"}],"about":[{"href":"https:\/\/nvnoticias.mx\/index.php\/wp-json\/wp\/v2\/types\/post"}],"author":[{"embeddable":true,"href":"https:\/\/nvnoticias.mx\/index.php\/wp-json\/wp\/v2\/users\/35"}],"replies":[{"embeddable":true,"href":"https:\/\/nvnoticias.mx\/index.php\/wp-json\/wp\/v2\/comments?post=78365"}],"version-history":[{"count":1,"href":"https:\/\/nvnoticias.mx\/index.php\/wp-json\/wp\/v2\/posts\/78365\/revisions"}],"predecessor-version":[{"id":78367,"href":"https:\/\/nvnoticias.mx\/index.php\/wp-json\/wp\/v2\/posts\/78365\/revisions\/78367"}],"wp:featuredmedia":[{"embeddable":true,"href":"https:\/\/nvnoticias.mx\/index.php\/wp-json\/wp\/v2\/media\/78366"}],"wp:attachment":[{"href":"https:\/\/nvnoticias.mx\/index.php\/wp-json\/wp\/v2\/media?parent=78365"}],"wp:term":[{"taxonomy":"category","embeddable":true,"href":"https:\/\/nvnoticias.mx\/index.php\/wp-json\/wp\/v2\/categories?post=78365"},{"taxonomy":"post_tag","embeddable":true,"href":"https:\/\/nvnoticias.mx\/index.php\/wp-json\/wp\/v2\/tags?post=78365"}],"curies":[{"name":"wp","href":"https:\/\/api.w.org\/{rel}","templated":true}]}}