{"id":78312,"date":"2022-10-13T16:10:16","date_gmt":"2022-10-13T21:10:16","guid":{"rendered":"https:\/\/nvnoticias.mx\/?p=78312"},"modified":"2022-10-13T16:12:47","modified_gmt":"2022-10-13T21:12:47","slug":"destacan-marcelo-ebrard-y-antony-blinken-avances-del-entendimiento-bicentenario","status":"publish","type":"post","link":"https:\/\/nvnoticias.mx\/index.php\/2022\/10\/13\/destacan-marcelo-ebrard-y-antony-blinken-avances-del-entendimiento-bicentenario\/","title":{"rendered":"Destacan Marcelo Ebrard y Antony Blinken  avances del Entendimiento Bicentenario"},"content":{"rendered":"\n<p>El secretario de Estado de los Estados Unidos,&nbsp;<strong>Antony Blinken<\/strong>&nbsp;reconoci\u00f3 la tarde de este jueves los grandes&nbsp;<strong>avances en materia de seguridad<\/strong>&nbsp;que se establecieron en 2021, para lograr que las comunidades de M\u00e9xico y Estados Unidos sean m\u00e1s seguras.<\/p>\n\n\n\n<p>Durante conferencia de prensa conjunta con el canciller mexicano,&nbsp;<strong>Marcelo Ebrard<\/strong>&nbsp;y la comitiva que lo acompa\u00f1a en Whashington, para evaluar la implementaci\u00f3n del Entendimiento Bicentenario, ambos representantes sostuvieron la necesidad de conseguir un mayor avance en el tema del&nbsp;<strong>combate del&nbsp;fentanilo, el tr\u00e1fico de armas y la explotaci\u00f3n de migrantes<\/strong>.<\/p>\n\n\n\n<p>Blinken se\u00f1al\u00f3 que tanto este di\u00e1logo de seguridad binacionales como el di\u00e1logo econ\u00f3mico son muestra de las prioridades compartidas entre los gobiernos de&nbsp;<strong>Andr\u00e9s Manuel L\u00f3pez Obrador<\/strong>&nbsp;y&nbsp;<strong>Joe Biden<\/strong>.<\/p>\n\n\n\n<blockquote class=\"wp-block-quote is-layout-flow wp-block-quote-is-layout-flow\"><p>\u201cNinguno de los retos los pueden resolver cada pa\u00eds por su cuenta, al contrario, cada vez es m\u00e1s necesario fortalecer la cooperaci\u00f3n con otros (\u2026) estamos adoptando una estrategia regional para enfrentar los problemas\u201d, dijo.<\/p><\/blockquote>\n\n\n\n<p>Por su parte, el secretario de Relaciones Exteriores de M\u00e9xico, reconoci\u00f3 la reducci\u00f3n de homicidios y secuestros en el pa\u00eds y agradeci\u00f3 el apoyo de Estados Unidos para&nbsp;<strong>reducir el tr\u00e1fico de armas<\/strong>&nbsp;en el territorio mexicano.<\/p>\n\n\n\n<p>El canciller explic\u00f3 que durante el \u00faltimo a\u00f1o, ambos pa\u00edses decomisaron&nbsp;<strong>32 mil armas<\/strong>, lo que permiti\u00f3 una reducci\u00f3n del 9% en los asesinatos en M\u00e9xico.<\/p>\n\n\n\n<blockquote class=\"wp-block-quote is-layout-flow wp-block-quote-is-layout-flow\"><p>&#8220;Si estas 32 mil armas estuvieran en M\u00e9xico, no tendr\u00edamos una reducci\u00f3n (de homicidios). Esas 32 mil armas significan 17 millones de cartuchos y cada cartucho puede matar a alguien en M\u00e9xico. Es algo sumamente importante. No son cifras, son personas&#8221;, expres\u00f3 Ebrard.<\/p><\/blockquote>\n\n\n\n<p>No obstante, el secretario de Seguridad Interna de Estados Unidos,&nbsp;<strong>Alejandro Mayorkas<\/strong>&nbsp;destac\u00f3 la importancia mantener el&nbsp;<strong>combate al tr\u00e1fico de armas<\/strong>&nbsp;porque no s\u00f3lo garantiza la seguridad en M\u00e9xico, sino en Estados Unidos.<\/p>\n\n\n\n<p>Agreg\u00f3, que se han incrementado las investigaciones en el caso un 50%, as\u00ed como el incremento de revisiones en la frontera entre M\u00e9xico y Estados Unidos para evitar el flujo de armas.<\/p>\n\n\n\n<p>Fuente: <a href=\"https:\/\/www.eluniversal.com.mx\/mundo\/marcelo-ebrard-y-antony-blinken-destacan-avances-del-entendimiento-bicentenario\" data-type=\"URL\" data-id=\"https:\/\/www.eluniversal.com.mx\/mundo\/marcelo-ebrard-y-antony-blinken-destacan-avances-del-entendimiento-bicentenario\">El Universal<\/a><\/p>\n","protected":false},"excerpt":{"rendered":"<p>El secretario de Estado de los Estados Unidos,&nbsp;Antony Blinken&nbsp;reconoci\u00f3 la tarde de este jueves los grandes&nbsp;avances en materia de seguridad&nbsp;que se establecieron en 2021, para lograr que las comunidades de M\u00e9xico y Estados Unidos sean m\u00e1s seguras. Durante conferencia de prensa conjunta con el canciller mexicano,&nbsp;Marcelo Ebrard&nbsp;y la comitiva que lo acompa\u00f1a en Whashington, para [&hellip;]<\/p>\n","protected":false},"author":35,"featured_media":75683,"comment_status":"open","ping_status":"open","sticky":false,"template":"","format":"standard","meta":{"_monsterinsights_skip_tracking":false,"_monsterinsights_sitenote_active":false,"_monsterinsights_sitenote_note":"","_monsterinsights_sitenote_category":0,"footnotes":""},"categories":[158],"tags":[18622,9738,8213,6438,391,162],"class_list":["post-78312","post","type-post","status-publish","format-standard","has-post-thumbnail","hentry","category-politica","tag-antony-blinken","tag-avances","tag-destacan","tag-entendimiento-bicentenario","tag-marcelo-ebrard","tag-portada","wp-image-borders"],"amp_enabled":true,"_links":{"self":[{"href":"https:\/\/nvnoticias.mx\/index.php\/wp-json\/wp\/v2\/posts\/78312","targetHints":{"allow":["GET"]}}],"collection":[{"href":"https:\/\/nvnoticias.mx\/index.php\/wp-json\/wp\/v2\/posts"}],"about":[{"href":"https:\/\/nvnoticias.mx\/index.php\/wp-json\/wp\/v2\/types\/post"}],"author":[{"embeddable":true,"href":"https:\/\/nvnoticias.mx\/index.php\/wp-json\/wp\/v2\/users\/35"}],"replies":[{"embeddable":true,"href":"https:\/\/nvnoticias.mx\/index.php\/wp-json\/wp\/v2\/comments?post=78312"}],"version-history":[{"count":2,"href":"https:\/\/nvnoticias.mx\/index.php\/wp-json\/wp\/v2\/posts\/78312\/revisions"}],"predecessor-version":[{"id":78314,"href":"https:\/\/nvnoticias.mx\/index.php\/wp-json\/wp\/v2\/posts\/78312\/revisions\/78314"}],"wp:featuredmedia":[{"embeddable":true,"href":"https:\/\/nvnoticias.mx\/index.php\/wp-json\/wp\/v2\/media\/75683"}],"wp:attachment":[{"href":"https:\/\/nvnoticias.mx\/index.php\/wp-json\/wp\/v2\/media?parent=78312"}],"wp:term":[{"taxonomy":"category","embeddable":true,"href":"https:\/\/nvnoticias.mx\/index.php\/wp-json\/wp\/v2\/categories?post=78312"},{"taxonomy":"post_tag","embeddable":true,"href":"https:\/\/nvnoticias.mx\/index.php\/wp-json\/wp\/v2\/tags?post=78312"}],"curies":[{"name":"wp","href":"https:\/\/api.w.org\/{rel}","templated":true}]}}