{"id":78287,"date":"2022-10-13T15:11:55","date_gmt":"2022-10-13T20:11:55","guid":{"rendered":"https:\/\/nvnoticias.mx\/?p=78287"},"modified":"2022-10-13T15:11:57","modified_gmt":"2022-10-13T20:11:57","slug":"rechazan-amparo-de-tomas-zeron","status":"publish","type":"post","link":"https:\/\/nvnoticias.mx\/index.php\/2022\/10\/13\/rechazan-amparo-de-tomas-zeron\/","title":{"rendered":"Rechazan amparo de Tom\u00e1s Zer\u00f3n"},"content":{"rendered":"\n<p>Una jueza federal bate\u00f3 un amparo del ex director de la Agencia de Investigaci\u00f3n Criminal (AIC), Tom\u00e1s Zer\u00f3n de Lucio, quien impugn\u00f3 la orden de aprehensi\u00f3n que se libr\u00f3 en su contra por su presunta responsabilidad los delitos de tortura, desaparici\u00f3n forzada de personas y coalici\u00f3n de servidores p\u00fablicos. <\/p>\n\n\n\n<p>Luz Mar\u00eda Ortega Tlapa, jueza Octavo de Distrito de Amparo en Materia Penal, determin\u00f3 no estudiar la demanda por improcedente.\u00a0La juzgadora no hizo p\u00fablica las razones por las que decidi\u00f3 sobreseer la demanda fuera de audiencia. <\/p>\n\n\n\n<p>Tom\u00e1s Zer\u00f3n se ampar\u00f3 con la intenci\u00f3n de echar abajo la segunda orden de captura que un juez de control de la Ciudad de M\u00e9xico otorg\u00f3 a la Fiscal\u00eda General de la Rep\u00fablica (FGR) en abril de 2021. <\/p>\n\n\n\n<p>La Unidad Especializada en Investigaci\u00f3n y Litigaci\u00f3n del Caso Ayotzinapa (UEILCA), responsabiliza al ex director de la entonces Procuradur\u00eda General de la Rep\u00fablica (PGR) de torturar al presunto delincuente Felipe Rodr\u00edguez Salgado, El Cepillo, identificado en el sexenio pasado como uno de los asesinos de los 43 normalistas de Ayotzinapa.<\/p>\n\n\n\n<p> \u201cEl objetivo de dicha tortura era para que declarara lo que se le estaba obligando, para poder justificar la denominada verdad hist\u00f3rica\u201d, indica la carpeta de investigaci\u00f3n judicializada contra el ex director de la AIC. <\/p>\n\n\n\n<blockquote class=\"wp-block-quote is-layout-flow wp-block-quote-is-layout-flow\"><p>Se presume que el delito se cometi\u00f3 durante un interrogatorio en 2015, y en el mismo, Felipe Rodr\u00edguez Salgado fue \u201camenazado de muerte\u201d para que cooperara con las indagatorias sobre la desaparici\u00f3n de los 43 normalistas. <\/p><\/blockquote>\n\n\n\n<p>La FGR menciona en su imputaci\u00f3n, que el 27 de enero de 2015, en conferencia de prensa el entonces procurador General de la Rep\u00fablica, Jes\u00fas Murillo Karam, y Tomas Zer\u00f3n, hicieron referencia a la detenci\u00f3n de Felipe Rodr\u00edguez, \u201clo que confirma los actos de tortura de referencia\u201d. La orden de aprehensi\u00f3n fue otorgada el 23 de abril de 2021, por parte de un juez de control de un Centro de Justicia Penal Federal en la Ciudad de M\u00e9xico. <\/p>\n\n\n\n<p>Fuente: <a href=\"https:\/\/www.milenio.com\/policia\/tomas-zeron-intenta-proteccion-contra-segunda-orden-de-captura\" data-type=\"URL\" data-id=\"https:\/\/www.milenio.com\/policia\/tomas-zeron-intenta-proteccion-contra-segunda-orden-de-captura\">Milenio<\/a><\/p>\n","protected":false},"excerpt":{"rendered":"<p>Una jueza federal bate\u00f3 un amparo del ex director de la Agencia de Investigaci\u00f3n Criminal (AIC), Tom\u00e1s Zer\u00f3n de Lucio, quien impugn\u00f3 la orden de aprehensi\u00f3n que se libr\u00f3 en su contra por su presunta responsabilidad los delitos de tortura, desaparici\u00f3n forzada de personas y coalici\u00f3n de servidores p\u00fablicos. Luz Mar\u00eda Ortega Tlapa, jueza Octavo [&hellip;]<\/p>\n","protected":false},"author":35,"featured_media":70335,"comment_status":"open","ping_status":"open","sticky":false,"template":"","format":"standard","meta":{"_monsterinsights_skip_tracking":false,"_monsterinsights_sitenote_active":false,"_monsterinsights_sitenote_note":"","_monsterinsights_sitenote_category":0,"footnotes":""},"categories":[158],"tags":[1547,12203,20160],"class_list":["post-78287","post","type-post","status-publish","format-standard","has-post-thumbnail","hentry","category-politica","tag-amparo","tag-rechazan","tag-tomas-zeron-2","wp-image-borders"],"amp_enabled":true,"_links":{"self":[{"href":"https:\/\/nvnoticias.mx\/index.php\/wp-json\/wp\/v2\/posts\/78287","targetHints":{"allow":["GET"]}}],"collection":[{"href":"https:\/\/nvnoticias.mx\/index.php\/wp-json\/wp\/v2\/posts"}],"about":[{"href":"https:\/\/nvnoticias.mx\/index.php\/wp-json\/wp\/v2\/types\/post"}],"author":[{"embeddable":true,"href":"https:\/\/nvnoticias.mx\/index.php\/wp-json\/wp\/v2\/users\/35"}],"replies":[{"embeddable":true,"href":"https:\/\/nvnoticias.mx\/index.php\/wp-json\/wp\/v2\/comments?post=78287"}],"version-history":[{"count":1,"href":"https:\/\/nvnoticias.mx\/index.php\/wp-json\/wp\/v2\/posts\/78287\/revisions"}],"predecessor-version":[{"id":78288,"href":"https:\/\/nvnoticias.mx\/index.php\/wp-json\/wp\/v2\/posts\/78287\/revisions\/78288"}],"wp:featuredmedia":[{"embeddable":true,"href":"https:\/\/nvnoticias.mx\/index.php\/wp-json\/wp\/v2\/media\/70335"}],"wp:attachment":[{"href":"https:\/\/nvnoticias.mx\/index.php\/wp-json\/wp\/v2\/media?parent=78287"}],"wp:term":[{"taxonomy":"category","embeddable":true,"href":"https:\/\/nvnoticias.mx\/index.php\/wp-json\/wp\/v2\/categories?post=78287"},{"taxonomy":"post_tag","embeddable":true,"href":"https:\/\/nvnoticias.mx\/index.php\/wp-json\/wp\/v2\/tags?post=78287"}],"curies":[{"name":"wp","href":"https:\/\/api.w.org\/{rel}","templated":true}]}}