{"id":78268,"date":"2022-10-13T14:14:01","date_gmt":"2022-10-13T19:14:01","guid":{"rendered":"https:\/\/nvnoticias.mx\/?p=78268"},"modified":"2022-10-13T14:14:01","modified_gmt":"2022-10-13T19:14:01","slug":"empates-para-los-mexicanos-en-europa-league","status":"publish","type":"post","link":"https:\/\/nvnoticias.mx\/index.php\/2022\/10\/13\/empates-para-los-mexicanos-en-europa-league\/","title":{"rendered":"Empates para los mexicanos en Europa League"},"content":{"rendered":"\n<p>Los futbolistas mexicanos tuvieron participaci\u00f3n con sus equipos en el segundo torneo relevante a nivel clubes de Europa<\/p>\n\n\n\n<p>Feyenoord de Santi Gim\u00e9nez y\u00a0Midtjylland de Dinamarca empataron a dos goles en actividad de la Europa League, esto en la J4 de la fase de Grupos.<\/p>\n\n\n\n<p>El mexicano, Santiago Gim\u00e9nez fue titular y sali\u00f3 de cambio al minuto 77, de un juego en donde le fue complicado recibir balones, y en donde complet\u00f3,\u00a010\/16 pases precisos,\u00a01\/4 duelos a\u00e9reos,\u00a03\/8 duelos terrestres y\u00a029 toques, de acuerdo a las estad\u00edsticas de la Europa League.<\/p>\n\n\n\n<p>Con este resultado, tanto holandeses como daneses quedan emparejados en puntos, con 5, aunque el Feyenoord, tiene una mejor diferencia de goles con +4.<\/p>\n\n\n\n<h4 class=\"wp-block-heading\"><strong>Betis y Guardado se encaminan a la calificaci\u00f3n en Europa League<\/strong><\/h4>\n\n\n\n<p>Betis empat\u00f3 1-1 ante La Roma en la J4 de la Europa League en la fase de Grupos y mantienen liderato del sector, que les permite estar muy cerca de la calificaci\u00f3n a la siguiente ronda.<\/p>\n\n\n\n<p>Guardado comenz\u00f3 como titular en este juego y sali\u00f3 de cambio al 80, en un juego en donde los espa\u00f1oles tuvieron la mayor cantidad de llegadas a la porter\u00eda.<\/p>\n\n\n\n<p>Por parte del Betis anot\u00f3 Sergio Canales al 34 y empat\u00f3 por La Roma, Andrea Belotti al 53.<\/p>\n\n\n\n<p>Con este resultado, el Betis est\u00e1 como l\u00edder del grupo con 10 unidades.<\/p>\n","protected":false},"excerpt":{"rendered":"<p>Los futbolistas mexicanos tuvieron participaci\u00f3n con sus equipos en el segundo torneo relevante a nivel clubes de Europa Feyenoord de Santi Gim\u00e9nez y\u00a0Midtjylland de Dinamarca empataron a dos goles en actividad de la Europa League, esto en la J4 de la fase de Grupos. El mexicano, Santiago Gim\u00e9nez fue titular y sali\u00f3 de cambio al [&hellip;]<\/p>\n","protected":false},"author":8,"featured_media":78269,"comment_status":"open","ping_status":"open","sticky":false,"template":"","format":"standard","meta":{"_monsterinsights_skip_tracking":false,"_monsterinsights_sitenote_active":false,"_monsterinsights_sitenote_note":"","_monsterinsights_sitenote_category":0,"footnotes":""},"categories":[159],"tags":[10276,20153,3479,17732,17699],"class_list":["post-78268","post","type-post","status-publish","format-standard","has-post-thumbnail","hentry","category-deportes","tag-andres-guardado","tag-betis","tag-europa-league","tag-feyenoord","tag-santiago-gimenez","wp-image-borders"],"amp_enabled":true,"_links":{"self":[{"href":"https:\/\/nvnoticias.mx\/index.php\/wp-json\/wp\/v2\/posts\/78268","targetHints":{"allow":["GET"]}}],"collection":[{"href":"https:\/\/nvnoticias.mx\/index.php\/wp-json\/wp\/v2\/posts"}],"about":[{"href":"https:\/\/nvnoticias.mx\/index.php\/wp-json\/wp\/v2\/types\/post"}],"author":[{"embeddable":true,"href":"https:\/\/nvnoticias.mx\/index.php\/wp-json\/wp\/v2\/users\/8"}],"replies":[{"embeddable":true,"href":"https:\/\/nvnoticias.mx\/index.php\/wp-json\/wp\/v2\/comments?post=78268"}],"version-history":[{"count":1,"href":"https:\/\/nvnoticias.mx\/index.php\/wp-json\/wp\/v2\/posts\/78268\/revisions"}],"predecessor-version":[{"id":78270,"href":"https:\/\/nvnoticias.mx\/index.php\/wp-json\/wp\/v2\/posts\/78268\/revisions\/78270"}],"wp:featuredmedia":[{"embeddable":true,"href":"https:\/\/nvnoticias.mx\/index.php\/wp-json\/wp\/v2\/media\/78269"}],"wp:attachment":[{"href":"https:\/\/nvnoticias.mx\/index.php\/wp-json\/wp\/v2\/media?parent=78268"}],"wp:term":[{"taxonomy":"category","embeddable":true,"href":"https:\/\/nvnoticias.mx\/index.php\/wp-json\/wp\/v2\/categories?post=78268"},{"taxonomy":"post_tag","embeddable":true,"href":"https:\/\/nvnoticias.mx\/index.php\/wp-json\/wp\/v2\/tags?post=78268"}],"curies":[{"name":"wp","href":"https:\/\/api.w.org\/{rel}","templated":true}]}}