{"id":78262,"date":"2022-10-13T13:32:46","date_gmt":"2022-10-13T18:32:46","guid":{"rendered":"https:\/\/nvnoticias.mx\/?p=78262"},"modified":"2022-10-13T13:32:47","modified_gmt":"2022-10-13T18:32:47","slug":"dan-a-conocer-el-encuentro-de-comercio-exterior-sur-sureste","status":"publish","type":"post","link":"https:\/\/nvnoticias.mx\/index.php\/2022\/10\/13\/dan-a-conocer-el-encuentro-de-comercio-exterior-sur-sureste\/","title":{"rendered":"Dan a conocer el Encuentro de Comercio Exterior Sur &#8211; Sureste"},"content":{"rendered":"\n<p><strong>Jes\u00fas Utrilla \/ NV Noticias<\/strong><\/p>\n\n\n\n<p>El Consejo Empresarial Mexicano de Comercio Exterior, Inversi\u00f3n y Tecnolog\u00eda A.C., anunci\u00f3 el Cuarto Encuentro de Comercio Exterior Sur -Sureste. <\/p>\n\n\n\n<p>Jos\u00e9 Luis Valencia Montano, director del COMCE Veracruz, se\u00f1al\u00f3 que ser\u00e1 los d\u00edas 27 y 28 de octubre. <\/p>\n\n\n\n<p>La conferencia magistral de apertura estar\u00e1 a cargo de Luz Mar\u00eda De la Mora, subsecretaria de Comercio Exterior de la Secretar\u00eda de Econom\u00eda.<\/p>\n\n\n\n<p>Guillermo Vogel, vicepresidente de Tenaris y presidente del CEO Dialogue de M\u00e9xico, estar\u00e1n presentes en el encuentro.<\/p>\n\n\n\n<p>El presidente de COMCE Nacional, Valent\u00edn Diez Morodo, dar\u00e1 tambi\u00e9n un mensaje de bienvenida.<\/p>\n\n\n\n<p>El evento reunir\u00e1 al sector p\u00fablico -acad\u00e9mico y sociedad en general, para generar proyectos en torno al desarrollo de la regi\u00f3n Sur- Sureste del pa\u00eds.<\/p>\n\n\n\n<p>Destac\u00f3 que el Sur- Sureste tiene una ventaja a trav\u00e9s de sus puertos por lo que debe aprovecharse la infraestructura existente y la que se generar\u00e1 en los pr\u00f3ximos a\u00f1os.\u00a0<\/p>\n\n\n\n<blockquote class=\"wp-block-quote is-layout-flow wp-block-quote-is-layout-flow\"><p>\u201c<em>Entre los conferencistas se encuentra la de la directora general de Planeaci\u00f3n Aduanera, Citlali Navarro, que hablar\u00e1 de la profesionalizaci\u00f3n de las aduanas; la denominada Oportunidades del T-MEC en el desarrollo Sur Sureste, que presentar\u00e1 Juan Carlos Baker, socio director de ANSLEY Consultores; entre otras<\/em>\u201d.<\/p><\/blockquote>\n\n\n\n<p>El Director de COMCE Veracruz invit\u00f3 a consultar el programa completo en\u00a0<a rel=\"noreferrer noopener\" href=\"http:\/\/www.comcesursureste.org\/\" target=\"_blank\">www.comcesursureste.org<\/a>. <\/p>\n\n\n\n<p>El vicepresidente de COMCE Veracruz, Ram\u00f3n G\u00f3mez Barqu\u00edn, manifest\u00f3 la importancia de que entidades como COMCE realicen este tipo de encuentros en el estado de Veracruz que est\u00e1 en crecimiento exponencial y que se prev\u00e9 que al cierre del 2022 rompa el r\u00e9cord de carga, pues se estima que se llegue a las 35 millones de toneladas.<\/p>\n\n\n\n<p>La rueda de prensa se llev\u00f3 a cabo en las instalaciones de Grupo Inversor Veracruz (GRIVER).<\/p>\n","protected":false},"excerpt":{"rendered":"<p>Jes\u00fas Utrilla \/ NV Noticias El Consejo Empresarial Mexicano de Comercio Exterior, Inversi\u00f3n y Tecnolog\u00eda A.C., anunci\u00f3 el Cuarto Encuentro de Comercio Exterior Sur -Sureste. Jos\u00e9 Luis Valencia Montano, director del COMCE Veracruz, se\u00f1al\u00f3 que ser\u00e1 los d\u00edas 27 y 28 de octubre. La conferencia magistral de apertura estar\u00e1 a cargo de Luz Mar\u00eda De [&hellip;]<\/p>\n","protected":false},"author":8,"featured_media":78263,"comment_status":"open","ping_status":"open","sticky":false,"template":"","format":"standard","meta":{"_monsterinsights_skip_tracking":false,"_monsterinsights_sitenote_active":false,"_monsterinsights_sitenote_note":"","_monsterinsights_sitenote_category":0,"footnotes":""},"categories":[154],"tags":[20152],"class_list":["post-78262","post","type-post","status-publish","format-standard","has-post-thumbnail","hentry","category-veracruz","tag-encuentro-de-comercio-exterior-sur-sureste","wp-image-borders"],"amp_enabled":true,"_links":{"self":[{"href":"https:\/\/nvnoticias.mx\/index.php\/wp-json\/wp\/v2\/posts\/78262","targetHints":{"allow":["GET"]}}],"collection":[{"href":"https:\/\/nvnoticias.mx\/index.php\/wp-json\/wp\/v2\/posts"}],"about":[{"href":"https:\/\/nvnoticias.mx\/index.php\/wp-json\/wp\/v2\/types\/post"}],"author":[{"embeddable":true,"href":"https:\/\/nvnoticias.mx\/index.php\/wp-json\/wp\/v2\/users\/8"}],"replies":[{"embeddable":true,"href":"https:\/\/nvnoticias.mx\/index.php\/wp-json\/wp\/v2\/comments?post=78262"}],"version-history":[{"count":1,"href":"https:\/\/nvnoticias.mx\/index.php\/wp-json\/wp\/v2\/posts\/78262\/revisions"}],"predecessor-version":[{"id":78264,"href":"https:\/\/nvnoticias.mx\/index.php\/wp-json\/wp\/v2\/posts\/78262\/revisions\/78264"}],"wp:featuredmedia":[{"embeddable":true,"href":"https:\/\/nvnoticias.mx\/index.php\/wp-json\/wp\/v2\/media\/78263"}],"wp:attachment":[{"href":"https:\/\/nvnoticias.mx\/index.php\/wp-json\/wp\/v2\/media?parent=78262"}],"wp:term":[{"taxonomy":"category","embeddable":true,"href":"https:\/\/nvnoticias.mx\/index.php\/wp-json\/wp\/v2\/categories?post=78262"},{"taxonomy":"post_tag","embeddable":true,"href":"https:\/\/nvnoticias.mx\/index.php\/wp-json\/wp\/v2\/tags?post=78262"}],"curies":[{"name":"wp","href":"https:\/\/api.w.org\/{rel}","templated":true}]}}