{"id":78235,"date":"2022-10-13T12:23:40","date_gmt":"2022-10-13T17:23:40","guid":{"rendered":"https:\/\/nvnoticias.mx\/?p=78235"},"modified":"2022-10-13T12:23:41","modified_gmt":"2022-10-13T17:23:41","slug":"nace-en-veracruz-el-movimiento-de-inclusion-trans-a-c","status":"publish","type":"post","link":"https:\/\/nvnoticias.mx\/index.php\/2022\/10\/13\/nace-en-veracruz-el-movimiento-de-inclusion-trans-a-c\/","title":{"rendered":"Nace en Veracruz el Movimiento de Inclusi\u00f3n Trans A.C."},"content":{"rendered":"\n<p><strong>Jes\u00fas Utrilla \/ NV Noticias<\/strong><\/p>\n\n\n\n<p>Con el Objetivo de empoderar a las mujeres transexuales en Veracruz y apoyarles en mejorar su condici\u00f3n de vida y poder alcanzar sus objetivos, nace en Veracruz el Movimiento de Inclusi\u00f3n Trans A.C. (MOVIT).<\/p>\n\n\n\n<p>Dicha organizaci\u00f3n civil, est\u00e1 liderada por la empresaria Vianey Jefrey y un grupo de reconocidas mujeres trans, como la artista Monica de la Torre Ahumada.<\/p>\n\n\n\n<p>La activista Vianey Jefrey y Presidenta del Movimiento De Inclusi\u00f3n Trans (MOVIT), dijo que es momento que exista una agrupaci\u00f3n que vea por los intereses y derechos de este sector tan vulnerado.<\/p>\n\n\n\n<blockquote class=\"wp-block-quote is-layout-flow wp-block-quote-is-layout-flow\"><p>\u201c<em>Vamos a empezar con cursos de capacitaci\u00f3n, con el fin de que todas tengan un oficio y con lo que queremos ganarnos la confianza de cada una de nuestras compa\u00f1eras<\/em>\u201d.<\/p><\/blockquote>\n\n\n\n<p>Vianey Jefrey, dijo que actualmente s\u00f3lo un cinco por ciento de la poblaci\u00f3n transexual que estudiaron una carrera profesional, obtienen un puesto bien pagado, el otro porcentaje se dedican a ser estilistas o a la prostituci\u00f3n.<\/p>\n\n\n\n<blockquote class=\"wp-block-quote is-layout-flow wp-block-quote-is-layout-flow\"><p>\u201c<em>Por ello, en el MOVIT; estaremos a disposici\u00f3n de ayudar a cada una de nuestras compa\u00f1eras a obtener sus objetivos profesionales<\/em>\u201d.<\/p><\/blockquote>\n\n\n\n<p>La Presidenta del Movimiento de Inclusi\u00f3n Trans en Veracruz, Vianey Jefrey, tambi\u00e9n acot\u00f3 que realizar\u00e1n un censo para conocer cuantas mujeres trans hay en Veracruz y detectar todas sus necesidades.<\/p>\n\n\n\n<p>Por \u00faltimo y como uno de los primeros eventos coordinados por el MOVIT, informaron que para este domingo 16 de Octubre se llevar\u00e1 a cabo la primera capacitaci\u00f3n para mujeres trans e integrantes de la Comunidad LGBTTI, \u201cTrenzas de Color\u201d, el cual se llevar\u00e1 a cabo en el Sal\u00f3n del Hotel Harbour Inn de la Ciudad de Veracruz en punto de las 10 de la ma\u00f1ana.<\/p>\n","protected":false},"excerpt":{"rendered":"<p>Jes\u00fas Utrilla \/ NV Noticias Con el Objetivo de empoderar a las mujeres transexuales en Veracruz y apoyarles en mejorar su condici\u00f3n de vida y poder alcanzar sus objetivos, nace en Veracruz el Movimiento de Inclusi\u00f3n Trans A.C. (MOVIT). Dicha organizaci\u00f3n civil, est\u00e1 liderada por la empresaria Vianey Jefrey y un grupo de reconocidas mujeres [&hellip;]<\/p>\n","protected":false},"author":8,"featured_media":78236,"comment_status":"open","ping_status":"open","sticky":false,"template":"","format":"standard","meta":{"_monsterinsights_skip_tracking":false,"_monsterinsights_sitenote_active":false,"_monsterinsights_sitenote_note":"","_monsterinsights_sitenote_category":0,"footnotes":""},"categories":[154],"tags":[20145,180],"class_list":["post-78235","post","type-post","status-publish","format-standard","has-post-thumbnail","hentry","category-veracruz","tag-movit","tag-veracruz","wp-image-borders"],"amp_enabled":true,"_links":{"self":[{"href":"https:\/\/nvnoticias.mx\/index.php\/wp-json\/wp\/v2\/posts\/78235","targetHints":{"allow":["GET"]}}],"collection":[{"href":"https:\/\/nvnoticias.mx\/index.php\/wp-json\/wp\/v2\/posts"}],"about":[{"href":"https:\/\/nvnoticias.mx\/index.php\/wp-json\/wp\/v2\/types\/post"}],"author":[{"embeddable":true,"href":"https:\/\/nvnoticias.mx\/index.php\/wp-json\/wp\/v2\/users\/8"}],"replies":[{"embeddable":true,"href":"https:\/\/nvnoticias.mx\/index.php\/wp-json\/wp\/v2\/comments?post=78235"}],"version-history":[{"count":1,"href":"https:\/\/nvnoticias.mx\/index.php\/wp-json\/wp\/v2\/posts\/78235\/revisions"}],"predecessor-version":[{"id":78237,"href":"https:\/\/nvnoticias.mx\/index.php\/wp-json\/wp\/v2\/posts\/78235\/revisions\/78237"}],"wp:featuredmedia":[{"embeddable":true,"href":"https:\/\/nvnoticias.mx\/index.php\/wp-json\/wp\/v2\/media\/78236"}],"wp:attachment":[{"href":"https:\/\/nvnoticias.mx\/index.php\/wp-json\/wp\/v2\/media?parent=78235"}],"wp:term":[{"taxonomy":"category","embeddable":true,"href":"https:\/\/nvnoticias.mx\/index.php\/wp-json\/wp\/v2\/categories?post=78235"},{"taxonomy":"post_tag","embeddable":true,"href":"https:\/\/nvnoticias.mx\/index.php\/wp-json\/wp\/v2\/tags?post=78235"}],"curies":[{"name":"wp","href":"https:\/\/api.w.org\/{rel}","templated":true}]}}