{"id":78152,"date":"2022-10-12T16:07:04","date_gmt":"2022-10-12T21:07:04","guid":{"rendered":"https:\/\/nvnoticias.mx\/?p=78152"},"modified":"2022-10-12T16:07:05","modified_gmt":"2022-10-12T21:07:05","slug":"lewandowski-le-da-el-empate-al-barcelona-de-ultimo-minuto-ante-el-inter","status":"publish","type":"post","link":"https:\/\/nvnoticias.mx\/index.php\/2022\/10\/12\/lewandowski-le-da-el-empate-al-barcelona-de-ultimo-minuto-ante-el-inter\/","title":{"rendered":"Lewandowski le da el empate al Barcelona de \u00faltimo minuto ante el inter"},"content":{"rendered":"\n<p>El FC Barcelona luch\u00f3 hasta el \u00faltimo minuto para poder rescatar un empate de 3-3 ante al Inter de Milan, en la cuarta jornada de actividades de la Champions League, que se jug\u00f3 en el Camp Nou.<\/p>\n\n\n\n<p>En el trayecto del juego, los catalanes se adelantaron en el marcador desde la primera mitad, cuando Ousmane Demb\u00e9l\u00e9 se encarg\u00f3 de colocar el 1-0 al 40&#8242;.<\/p>\n\n\n\n<p>Para la segunda mitad, el Inter dio vuelta al marcador con anotaciones de Nico Barella al 50&#8242; y otro m\u00e1s de Lautaro Mart\u00ednez al 63&#8242; para el 1-2 moment\u00e1neo.<\/p>\n\n\n\n<p>Al 82&#8242;, el Barcelona pudo emparejar el encuentro por la v\u00eda de Robert Lewandowski que val\u00eda el 2-2, sin embargo, los italianos se hicieron presentes de nuevo al Robin Gosens al 89&#8242; para el 2-3 que parec\u00eda les dar\u00eda el triunfo.<\/p>\n\n\n\n<p>Fue hasta el tiempo de compensaci\u00f3n donde Lewandowski apareci\u00f3 de nueva cuenta para anotar y darle vida a los blaugranas con un cabezazo que val\u00eda el 3-3 al 90+3.<\/p>\n\n\n\n<p>Con el empate, el Inter marcha en el segundo sitio de la clasificaci\u00f3n con 7 unidades, mientras que Barcelona est\u00e1 en el tercer sitio con 4 puntos, todav\u00eda con posibilidades de avanzar a los octavos de final, con dos juegos m\u00e1s por disputarse.<\/p>\n","protected":false},"excerpt":{"rendered":"<p>El FC Barcelona luch\u00f3 hasta el \u00faltimo minuto para poder rescatar un empate de 3-3 ante al Inter de Milan, en la cuarta jornada de actividades de la Champions League, que se jug\u00f3 en el Camp Nou. En el trayecto del juego, los catalanes se adelantaron en el marcador desde la primera mitad, cuando Ousmane [&hellip;]<\/p>\n","protected":false},"author":8,"featured_media":78153,"comment_status":"open","ping_status":"open","sticky":false,"template":"","format":"standard","meta":{"_monsterinsights_skip_tracking":false,"_monsterinsights_sitenote_active":false,"_monsterinsights_sitenote_note":"","_monsterinsights_sitenote_category":0,"footnotes":""},"categories":[159],"tags":[3426,5449,10018,3098],"class_list":["post-78152","post","type-post","status-publish","format-standard","has-post-thumbnail","hentry","category-deportes","tag-champions-league","tag-fc-barcelona","tag-inter-de-milan","tag-uefa","wp-image-borders"],"amp_enabled":true,"_links":{"self":[{"href":"https:\/\/nvnoticias.mx\/index.php\/wp-json\/wp\/v2\/posts\/78152","targetHints":{"allow":["GET"]}}],"collection":[{"href":"https:\/\/nvnoticias.mx\/index.php\/wp-json\/wp\/v2\/posts"}],"about":[{"href":"https:\/\/nvnoticias.mx\/index.php\/wp-json\/wp\/v2\/types\/post"}],"author":[{"embeddable":true,"href":"https:\/\/nvnoticias.mx\/index.php\/wp-json\/wp\/v2\/users\/8"}],"replies":[{"embeddable":true,"href":"https:\/\/nvnoticias.mx\/index.php\/wp-json\/wp\/v2\/comments?post=78152"}],"version-history":[{"count":1,"href":"https:\/\/nvnoticias.mx\/index.php\/wp-json\/wp\/v2\/posts\/78152\/revisions"}],"predecessor-version":[{"id":78154,"href":"https:\/\/nvnoticias.mx\/index.php\/wp-json\/wp\/v2\/posts\/78152\/revisions\/78154"}],"wp:featuredmedia":[{"embeddable":true,"href":"https:\/\/nvnoticias.mx\/index.php\/wp-json\/wp\/v2\/media\/78153"}],"wp:attachment":[{"href":"https:\/\/nvnoticias.mx\/index.php\/wp-json\/wp\/v2\/media?parent=78152"}],"wp:term":[{"taxonomy":"category","embeddable":true,"href":"https:\/\/nvnoticias.mx\/index.php\/wp-json\/wp\/v2\/categories?post=78152"},{"taxonomy":"post_tag","embeddable":true,"href":"https:\/\/nvnoticias.mx\/index.php\/wp-json\/wp\/v2\/tags?post=78152"}],"curies":[{"name":"wp","href":"https:\/\/api.w.org\/{rel}","templated":true}]}}