{"id":78111,"date":"2022-10-12T13:57:07","date_gmt":"2022-10-12T18:57:07","guid":{"rendered":"https:\/\/nvnoticias.mx\/?p=78111"},"modified":"2022-10-12T13:57:09","modified_gmt":"2022-10-12T18:57:09","slug":"regresan-los-fondo-de-seguridad-para-las-policias-municipales-del-pais","status":"publish","type":"post","link":"https:\/\/nvnoticias.mx\/index.php\/2022\/10\/12\/regresan-los-fondo-de-seguridad-para-las-policias-municipales-del-pais\/","title":{"rendered":"Regresan los fondo de seguridad para las polic\u00edas municipales del pa\u00eds"},"content":{"rendered":"\n<p><strong>Jes\u00fas Utrilla \/ NV Noticias<\/strong><\/p>\n\n\n\n<p>El diputado federal, Carlos Alberto Valenzuela, dijo que estar\u00edan pugnando para que regresar\u00e1n los fondos de seguridad para las polic\u00edas municipales de todo el pa\u00eds, hoy en la C\u00e1mara de Diputados se vot\u00f3 a favor para que se pueda tener este recurso tan importante para la seguridad de la poblaci\u00f3n.<\/p>\n\n\n\n<blockquote class=\"wp-block-quote is-layout-flow wp-block-quote-is-layout-flow\"><p>&#8220;<em>Lo prometido es deuda, as\u00ed como lo anunci\u00f3 su servidor hace unas semanas, en Acci\u00f3n Nacional empe\u00f1amos todo nuestro esfuerzo para poder recuperar el fondo de seguridad para apoyar a las polic\u00edas municipales en el pa\u00eds, de manera particular en Veracruz y Boca del R\u00ed<\/em>o&#8221;, Puntualiz\u00f3 el diputado federal, Carlos Alberto Valenzuela.<\/p><\/blockquote>\n\n\n\n<p>Se\u00f1al\u00f3 que se vot\u00f3 por unanimidad en conjunto todos los partidos pol\u00edticos para dotar a las polic\u00edas municipales con un fondo de m\u00e1s de 3 mil millones de pesos.<\/p>\n\n\n\n<blockquote class=\"wp-block-quote is-layout-flow wp-block-quote-is-layout-flow\"><p>&#8220;<em>En la c\u00e1mara de diputados votamos por unanimidad todos los partidos pol\u00edticos para dotar a las polic\u00edas municipales de un fondo de m\u00e1s de 3 mil millones de pesos que ser\u00e1 distribuido de acuerdo a los criterios del sistema de seguridad p\u00fablica<\/em>&#8220;, Se\u00f1al\u00f3.\u00a0<\/p><\/blockquote>\n\n\n\n<p>Fue tajante al comentar que dichos recursos ser\u00e1n vigilados para que la distribuci\u00f3n se realice de manera transparente y apegado a la ley.<\/p>\n\n\n\n<p>El diputado federal, Carlos Alberto Valenzuela dijo que desde Acci\u00f3n Nacional reiteran su compromiso con los veracruzanos y los boque\u00f1os por una mejor polic\u00eda municipal.<\/p>\n\n\n\n<blockquote class=\"wp-block-quote is-layout-flow wp-block-quote-is-layout-flow\"><p>&#8220;<em>Nuestro compromiso por una mejor polic\u00eda municipal, m\u00e1s equipada, m\u00e1s capacitada y confiable<\/em>&#8220;.<\/p><\/blockquote>\n\n\n\n<p>Por \u00faltimo Carlos Valenzuela coment\u00f3 que este fondo se hab\u00eda dejado de recibir en los ayuntamientos desde hace varios a\u00f1os, pero esto abre la puerta para que a\u00f1o con a\u00f1o se pueda recuperar el fondo de seguridad tan importante para las y los mexicanos.<\/p>\n\n\n\n<blockquote class=\"wp-block-quote is-layout-flow wp-block-quote-is-layout-flow\"><p>&#8220;<em>Refrendamos nuestro compromiso con la alcaldesa de Veracruz, Patricia Lobeira de Yunes y con el alcalde de Boca del R\u00edo, Juan Manuel Un\u00e1nue, pero sobre todo con los porte\u00f1os y boque\u00f1os, desde la c\u00e1mara de diputados estamos velando por la seguridad de los veracruzanos<\/em>&#8220;, Remat\u00f3 el diputado federal, Carlos Alberto Valenzuela<\/p><\/blockquote>\n","protected":false},"excerpt":{"rendered":"<p>Jes\u00fas Utrilla \/ NV Noticias El diputado federal, Carlos Alberto Valenzuela, dijo que estar\u00edan pugnando para que regresar\u00e1n los fondos de seguridad para las polic\u00edas municipales de todo el pa\u00eds, hoy en la C\u00e1mara de Diputados se vot\u00f3 a favor para que se pueda tener este recurso tan importante para la seguridad de la poblaci\u00f3n. [&hellip;]<\/p>\n","protected":false},"author":8,"featured_media":78112,"comment_status":"open","ping_status":"open","sticky":false,"template":"","format":"standard","meta":{"_monsterinsights_skip_tracking":false,"_monsterinsights_sitenote_active":false,"_monsterinsights_sitenote_note":"","_monsterinsights_sitenote_category":0,"footnotes":""},"categories":[158],"tags":[20120,4380],"class_list":["post-78111","post","type-post","status-publish","format-standard","has-post-thumbnail","hentry","category-politica","tag-fondo-de-seguridad","tag-policias-municipales","wp-image-borders"],"amp_enabled":true,"_links":{"self":[{"href":"https:\/\/nvnoticias.mx\/index.php\/wp-json\/wp\/v2\/posts\/78111","targetHints":{"allow":["GET"]}}],"collection":[{"href":"https:\/\/nvnoticias.mx\/index.php\/wp-json\/wp\/v2\/posts"}],"about":[{"href":"https:\/\/nvnoticias.mx\/index.php\/wp-json\/wp\/v2\/types\/post"}],"author":[{"embeddable":true,"href":"https:\/\/nvnoticias.mx\/index.php\/wp-json\/wp\/v2\/users\/8"}],"replies":[{"embeddable":true,"href":"https:\/\/nvnoticias.mx\/index.php\/wp-json\/wp\/v2\/comments?post=78111"}],"version-history":[{"count":1,"href":"https:\/\/nvnoticias.mx\/index.php\/wp-json\/wp\/v2\/posts\/78111\/revisions"}],"predecessor-version":[{"id":78113,"href":"https:\/\/nvnoticias.mx\/index.php\/wp-json\/wp\/v2\/posts\/78111\/revisions\/78113"}],"wp:featuredmedia":[{"embeddable":true,"href":"https:\/\/nvnoticias.mx\/index.php\/wp-json\/wp\/v2\/media\/78112"}],"wp:attachment":[{"href":"https:\/\/nvnoticias.mx\/index.php\/wp-json\/wp\/v2\/media?parent=78111"}],"wp:term":[{"taxonomy":"category","embeddable":true,"href":"https:\/\/nvnoticias.mx\/index.php\/wp-json\/wp\/v2\/categories?post=78111"},{"taxonomy":"post_tag","embeddable":true,"href":"https:\/\/nvnoticias.mx\/index.php\/wp-json\/wp\/v2\/tags?post=78111"}],"curies":[{"name":"wp","href":"https:\/\/api.w.org\/{rel}","templated":true}]}}