{"id":78095,"date":"2022-10-12T13:26:57","date_gmt":"2022-10-12T18:26:57","guid":{"rendered":"https:\/\/nvnoticias.mx\/?p=78095"},"modified":"2022-10-12T13:26:58","modified_gmt":"2022-10-12T18:26:58","slug":"podria-aprobarse-la-reforma-electrica-tras-acuerdo-politico-con-el-pri-buscaran-revivirla","status":"publish","type":"post","link":"https:\/\/nvnoticias.mx\/index.php\/2022\/10\/12\/podria-aprobarse-la-reforma-electrica-tras-acuerdo-politico-con-el-pri-buscaran-revivirla\/","title":{"rendered":"Podr\u00eda aprobarse la Reforma El\u00e9ctrica tras \u201cacuerdo pol\u00edtico con el PRI\u201d; Buscaran revivirla"},"content":{"rendered":"\n<p>El Secretario de Gobernaci\u00f3n,\u00a0Ad\u00e1n Augusto L\u00f3pez, revel\u00f3 este mi\u00e9rcoles que buscar\u00e1 revivir la\u00a0reforma el\u00e9ctrica, adem\u00e1s de construir una \u201cverdadera reforma electoral\u201d, en las cuales\u00a0buscar\u00e1n el apoyo del PRI.<\/p>\n\n\n\n<p>Entrevistado al interior de la C\u00e1mara de Diputados, se\u00f1al\u00f3 que Morena y el PRI construyeron un \u201cacuerdo pol\u00edtico\u201d que permiti\u00f3 impulsar la reforma para ampliar la\u00a0presencia del ej\u00e9rcito en las calles, por lo que no duda que los diputados del partido tricolor, puedan ir con los guindas en las pr\u00f3ximas reformas.<\/p>\n\n\n\n<blockquote class=\"wp-block-quote is-layout-flow wp-block-quote-is-layout-flow\"><p>\u201c<em>Al gobierno lo que le corresponde hacer es construir consensos y construir gobernabilidad, creo que ahora las circunstancias pueden llevarnos en esa ruta y puede avanzarse en temas como la reforma el\u00e9ctrica y la reforma electoral<\/em>\u201d, declar\u00f3.<\/p><\/blockquote>\n\n\n\n<h4 class=\"wp-block-heading\">&#8220;Es momento de encontrar consensos&#8221;: Segob<\/h4>\n\n\n\n<p>El funcionario federal dijo que los priistas ocupan un espacio importante en el espectro pol\u00edtico de este pa\u00eds, por lo que \u201cnos toca en este momento encontrar consensos, ver qu\u00e9 temas tenemos en com\u00fan y avanzar\u201d.<\/p>\n\n\n\n<p>El secretario de Gobernaci\u00f3n reconoci\u00f3 que cuando se construy\u00f3 el mencionado \u201cacuerdo pol\u00edtico\u201d con el PRI no hubo compromiso de acompa\u00f1ar de facto una\u00a0reforma el\u00e9ctrica o electoral, pero insisti\u00f3 en que \u201csi Par\u00eds vale una buena misa, el pa\u00eds bien vale un buen acuerdo\u201d.<\/p>\n\n\n\n<blockquote class=\"wp-block-quote is-layout-flow wp-block-quote-is-layout-flow\"><p>\u201c<em>Yo creo que estamos en el momento justo para construir acuerdos en estos temas. Si fuimos capaces entre todos, de construir un camino en com\u00fan, pues podemos construir dos, tres cuatro, y los que quieran para la mejor marcha del pa\u00eds y para que haya mayor gobernabilidad<\/em>\u201d,\u00a0concluy\u00f3.<\/p><\/blockquote>\n\n\n\n<p>Fuente: <a href=\"https:\/\/www.eluniversal.com.mx\/nacion\/adan-augusto-revela-que-reviviran-reforma-electrica-puede-aprobarse-tras-acuerdo-politico-con-el-pri\">El Universal<\/a><\/p>\n","protected":false},"excerpt":{"rendered":"<p>El Secretario de Gobernaci\u00f3n,\u00a0Ad\u00e1n Augusto L\u00f3pez, revel\u00f3 este mi\u00e9rcoles que buscar\u00e1 revivir la\u00a0reforma el\u00e9ctrica, adem\u00e1s de construir una \u201cverdadera reforma electoral\u201d, en las cuales\u00a0buscar\u00e1n el apoyo del PRI. Entrevistado al interior de la C\u00e1mara de Diputados, se\u00f1al\u00f3 que Morena y el PRI construyeron un \u201cacuerdo pol\u00edtico\u201d que permiti\u00f3 impulsar la reforma para ampliar la\u00a0presencia del [&hellip;]<\/p>\n","protected":false},"author":8,"featured_media":31971,"comment_status":"open","ping_status":"open","sticky":false,"template":"","format":"standard","meta":{"_monsterinsights_skip_tracking":false,"_monsterinsights_sitenote_active":false,"_monsterinsights_sitenote_note":"","_monsterinsights_sitenote_category":0,"footnotes":""},"categories":[158],"tags":[208,1553,775],"class_list":["post-78095","post","type-post","status-publish","format-standard","has-post-thumbnail","hentry","category-politica","tag-pri","tag-reforma-electrica","tag-segob","wp-image-borders"],"amp_enabled":true,"_links":{"self":[{"href":"https:\/\/nvnoticias.mx\/index.php\/wp-json\/wp\/v2\/posts\/78095","targetHints":{"allow":["GET"]}}],"collection":[{"href":"https:\/\/nvnoticias.mx\/index.php\/wp-json\/wp\/v2\/posts"}],"about":[{"href":"https:\/\/nvnoticias.mx\/index.php\/wp-json\/wp\/v2\/types\/post"}],"author":[{"embeddable":true,"href":"https:\/\/nvnoticias.mx\/index.php\/wp-json\/wp\/v2\/users\/8"}],"replies":[{"embeddable":true,"href":"https:\/\/nvnoticias.mx\/index.php\/wp-json\/wp\/v2\/comments?post=78095"}],"version-history":[{"count":1,"href":"https:\/\/nvnoticias.mx\/index.php\/wp-json\/wp\/v2\/posts\/78095\/revisions"}],"predecessor-version":[{"id":78096,"href":"https:\/\/nvnoticias.mx\/index.php\/wp-json\/wp\/v2\/posts\/78095\/revisions\/78096"}],"wp:featuredmedia":[{"embeddable":true,"href":"https:\/\/nvnoticias.mx\/index.php\/wp-json\/wp\/v2\/media\/31971"}],"wp:attachment":[{"href":"https:\/\/nvnoticias.mx\/index.php\/wp-json\/wp\/v2\/media?parent=78095"}],"wp:term":[{"taxonomy":"category","embeddable":true,"href":"https:\/\/nvnoticias.mx\/index.php\/wp-json\/wp\/v2\/categories?post=78095"},{"taxonomy":"post_tag","embeddable":true,"href":"https:\/\/nvnoticias.mx\/index.php\/wp-json\/wp\/v2\/tags?post=78095"}],"curies":[{"name":"wp","href":"https:\/\/api.w.org\/{rel}","templated":true}]}}