{"id":78062,"date":"2022-10-12T12:20:03","date_gmt":"2022-10-12T17:20:03","guid":{"rendered":"https:\/\/nvnoticias.mx\/?p=78062"},"modified":"2022-10-12T12:20:03","modified_gmt":"2022-10-12T17:20:03","slug":"quieren-que-palma-sola-se-desincorpore-de-alto-lucero-y-sea-nuevo-municipio","status":"publish","type":"post","link":"https:\/\/nvnoticias.mx\/index.php\/2022\/10\/12\/quieren-que-palma-sola-se-desincorpore-de-alto-lucero-y-sea-nuevo-municipio\/","title":{"rendered":"Quieren que Palma Sola se desincorpore de Alto Lucero y sea nuevo municipio"},"content":{"rendered":"\n<p><strong>Jes\u00fas Utrilla \/ NV Noticias<\/strong><\/p>\n\n\n\n<p>Habitantes de Palma Sola buscan que sea municipio.<\/p>\n\n\n\n<p>La localidad pertenece a Alto Lucero y\u00a0Mario Alberto D\u00edaz Melgarejo, habitante del lugar, dijo que les faltan servicios b\u00e1sicos.<\/p>\n\n\n\n<p>Adem\u00e1s para efectuar tr\u00e1mites deben viajar 80 kil\u00f3metros a la cabecera municipal. Ante ello gestionan independizarse y ser un nuevo municipio en el Estado de Veracruz.<\/p>\n\n\n\n<p>Desde agosto comenzaron a recabar firmas y llevan 7 mil de las 20 mil que requieren.<\/p>\n\n\n\n<p>En total son 199 comunidades y si el Congreso lo autoriza el nuevo municipio se quedar\u00eda con 76.<\/p>\n\n\n\n<blockquote class=\"wp-block-quote is-layout-flow wp-block-quote-is-layout-flow\"><p>\u201c<em>Para subir a Alto Lucero son m\u00e1s de 2 horas de la costa a la Sierra. Se debe pagar comida, viaje y despu\u00e9s de las 5 de la tarde en Alto Lucero ya no hay coches de sitio, nada de servicios, se tiene que quedar a dormir ah\u00ed si no arreglaron si asunto. Hay una Agencia Municipal en Palma Sola pero no tiene la capacidad de resolver asuntos importantes<\/em>\u201d.<\/p><\/blockquote>\n\n\n\n<p>Afirm\u00f3 que cumplen con los requisitos para concretar su objetivo.<\/p>\n\n\n\n<p>Los requisitos son m\u00e1s de 20 mil habitantes. Dijo que hicieron la petici\u00f3n a la C\u00e1mara de Diputados, a la C\u00e1mara de Senadores y a fueron a Medio Ambiente, Derechos Humanos, entre otros.<\/p>\n\n\n\n<p>La gesti\u00f3n comenz\u00f3 en agosto y rechazaron tener un trasfondo pol\u00edtico.<\/p>\n\n\n\n<p>Puntualiz\u00f3 que les falta agua, drenaje, pavimentaci\u00f3n, alumbrado y otros servicios.<\/p>\n","protected":false},"excerpt":{"rendered":"<p>Jes\u00fas Utrilla \/ NV Noticias Habitantes de Palma Sola buscan que sea municipio. La localidad pertenece a Alto Lucero y\u00a0Mario Alberto D\u00edaz Melgarejo, habitante del lugar, dijo que les faltan servicios b\u00e1sicos. Adem\u00e1s para efectuar tr\u00e1mites deben viajar 80 kil\u00f3metros a la cabecera municipal. Ante ello gestionan independizarse y ser un nuevo municipio en el [&hellip;]<\/p>\n","protected":false},"author":8,"featured_media":78064,"comment_status":"open","ping_status":"open","sticky":false,"template":"","format":"standard","meta":{"_monsterinsights_skip_tracking":false,"_monsterinsights_sitenote_active":false,"_monsterinsights_sitenote_note":"","_monsterinsights_sitenote_category":0,"footnotes":""},"categories":[154],"tags":[5612,1234],"class_list":["post-78062","post","type-post","status-publish","format-standard","has-post-thumbnail","hentry","category-veracruz","tag-alto-lucero","tag-palma-sola","wp-image-borders"],"amp_enabled":true,"_links":{"self":[{"href":"https:\/\/nvnoticias.mx\/index.php\/wp-json\/wp\/v2\/posts\/78062","targetHints":{"allow":["GET"]}}],"collection":[{"href":"https:\/\/nvnoticias.mx\/index.php\/wp-json\/wp\/v2\/posts"}],"about":[{"href":"https:\/\/nvnoticias.mx\/index.php\/wp-json\/wp\/v2\/types\/post"}],"author":[{"embeddable":true,"href":"https:\/\/nvnoticias.mx\/index.php\/wp-json\/wp\/v2\/users\/8"}],"replies":[{"embeddable":true,"href":"https:\/\/nvnoticias.mx\/index.php\/wp-json\/wp\/v2\/comments?post=78062"}],"version-history":[{"count":1,"href":"https:\/\/nvnoticias.mx\/index.php\/wp-json\/wp\/v2\/posts\/78062\/revisions"}],"predecessor-version":[{"id":78065,"href":"https:\/\/nvnoticias.mx\/index.php\/wp-json\/wp\/v2\/posts\/78062\/revisions\/78065"}],"wp:featuredmedia":[{"embeddable":true,"href":"https:\/\/nvnoticias.mx\/index.php\/wp-json\/wp\/v2\/media\/78064"}],"wp:attachment":[{"href":"https:\/\/nvnoticias.mx\/index.php\/wp-json\/wp\/v2\/media?parent=78062"}],"wp:term":[{"taxonomy":"category","embeddable":true,"href":"https:\/\/nvnoticias.mx\/index.php\/wp-json\/wp\/v2\/categories?post=78062"},{"taxonomy":"post_tag","embeddable":true,"href":"https:\/\/nvnoticias.mx\/index.php\/wp-json\/wp\/v2\/tags?post=78062"}],"curies":[{"name":"wp","href":"https:\/\/api.w.org\/{rel}","templated":true}]}}