{"id":78029,"date":"2022-10-12T09:27:31","date_gmt":"2022-10-12T14:27:31","guid":{"rendered":"https:\/\/nvnoticias.mx\/?p=78029"},"modified":"2022-10-12T09:27:32","modified_gmt":"2022-10-12T14:27:32","slug":"presenta-titular-de-aduanas-su-renuncia","status":"publish","type":"post","link":"https:\/\/nvnoticias.mx\/index.php\/2022\/10\/12\/presenta-titular-de-aduanas-su-renuncia\/","title":{"rendered":"Presenta titular de Aduanas su renuncia"},"content":{"rendered":"\n<p>El\u00a0<strong>presidente Andr\u00e9s Manuel L\u00f3pez Obrador<\/strong>\u00a0hizo un reconocimiento a\u00a0<strong>Horacio Duarte Olivares<\/strong>, quien dijo present\u00f3 su<strong>\u00a0renuncia<\/strong>\u00a0a la\u00a0<strong>administraci\u00f3n general de Aduanas\u00a0<\/strong>porque tendr\u00e1 una\u00a0<strong>nueva tarea en el Estado de M\u00e9xico\u00a0<\/strong>donde el pr\u00f3ximo a\u00f1o habr\u00e1 elecci\u00f3n a gobernador.<\/p>\n\n\n\n<blockquote class=\"wp-block-quote is-layout-flow wp-block-quote-is-layout-flow\"><p>\u201cHoracio ha hecho una labor de primer orden, quer\u00edamos que se informara aqu\u00ed y que la gente lo supiera, Horacio me ha entregado su renuncia porque va a otra tarea y no quer\u00edamos que se fuera por la puerta de atr\u00e1s, lo mismo que el caso de Tatiana (Clouthier) que nos ayud\u00f3 tanto, tanto, a triunfar, en este caso va a una tarea a su estado natal, el Estado de M\u00e9xico\u201d.<\/p><\/blockquote>\n\n\n\n<p>Fuentes de Morena informaron que Horacio Duarte coordinar\u00e1 la campa\u00f1a de Delfina G\u00f3mez para la gubernatura del Estado de M\u00e9xico.<\/p>\n\n\n\n<p>En conferencia de prensa en Palacio Nacional, el jefe del Ejecutivo dijo que este jueves dar\u00e1 a conocer su sucesor y se\u00f1al\u00f3 que ya no le corresponde hablar sobre las nuevas tareas de Horacio Duarte.<\/p>\n\n\n\n<p>El presidente L\u00f3pez Obrador alz\u00f3 el brazo al exdirector de Aduanas y dijo que era un \u201ccampe\u00f3n\u201d.<\/p>\n\n\n\n<p>-\u201cNo te voy a abrazar\u201d, se\u00f1al\u00f3 entre sonr\u00edas el Jefe del Ejecutivo.<\/p>\n\n\n\n<p>A lo que Duarte Olivares le respondi\u00f3: \u201cs\u00ed, si no se ponen\u201d.<\/p>\n\n\n\n<p>Sobre su nueva encomienda en el partido, Horacio Duarte se\u00f1al\u00f3:\u00a0<strong>&#8220;voy a la batalla maestra\u201d.<\/strong><\/p>\n\n\n\n<p>Fuente:<a href=\"https:\/\/www.eluniversal.com.mx\/nacion\/horacio-duarte-titular-de-aduanas-presenta-su-renuncia-voy-batalla-maestra-dice\" data-type=\"URL\" data-id=\"https:\/\/www.eluniversal.com.mx\/nacion\/horacio-duarte-titular-de-aduanas-presenta-su-renuncia-voy-batalla-maestra-dice\"> El universal<\/a><\/p>\n","protected":false},"excerpt":{"rendered":"<p>El\u00a0presidente Andr\u00e9s Manuel L\u00f3pez Obrador\u00a0hizo un reconocimiento a\u00a0Horacio Duarte Olivares, quien dijo present\u00f3 su\u00a0renuncia\u00a0a la\u00a0administraci\u00f3n general de Aduanas\u00a0porque tendr\u00e1 una\u00a0nueva tarea en el Estado de M\u00e9xico\u00a0donde el pr\u00f3ximo a\u00f1o habr\u00e1 elecci\u00f3n a gobernador. \u201cHoracio ha hecho una labor de primer orden, quer\u00edamos que se informara aqu\u00ed y que la gente lo supiera, Horacio me ha [&hellip;]<\/p>\n","protected":false},"author":35,"featured_media":78034,"comment_status":"open","ping_status":"open","sticky":false,"template":"","format":"standard","meta":{"_monsterinsights_skip_tracking":false,"_monsterinsights_sitenote_active":false,"_monsterinsights_sitenote_note":"","_monsterinsights_sitenote_category":0,"footnotes":""},"categories":[158],"tags":[3306,9077,2078],"class_list":["post-78029","post","type-post","status-publish","format-standard","has-post-thumbnail","hentry","category-politica","tag-aduanas","tag-presenta","tag-renuncia","wp-image-borders"],"amp_enabled":true,"_links":{"self":[{"href":"https:\/\/nvnoticias.mx\/index.php\/wp-json\/wp\/v2\/posts\/78029","targetHints":{"allow":["GET"]}}],"collection":[{"href":"https:\/\/nvnoticias.mx\/index.php\/wp-json\/wp\/v2\/posts"}],"about":[{"href":"https:\/\/nvnoticias.mx\/index.php\/wp-json\/wp\/v2\/types\/post"}],"author":[{"embeddable":true,"href":"https:\/\/nvnoticias.mx\/index.php\/wp-json\/wp\/v2\/users\/35"}],"replies":[{"embeddable":true,"href":"https:\/\/nvnoticias.mx\/index.php\/wp-json\/wp\/v2\/comments?post=78029"}],"version-history":[{"count":5,"href":"https:\/\/nvnoticias.mx\/index.php\/wp-json\/wp\/v2\/posts\/78029\/revisions"}],"predecessor-version":[{"id":78035,"href":"https:\/\/nvnoticias.mx\/index.php\/wp-json\/wp\/v2\/posts\/78029\/revisions\/78035"}],"wp:featuredmedia":[{"embeddable":true,"href":"https:\/\/nvnoticias.mx\/index.php\/wp-json\/wp\/v2\/media\/78034"}],"wp:attachment":[{"href":"https:\/\/nvnoticias.mx\/index.php\/wp-json\/wp\/v2\/media?parent=78029"}],"wp:term":[{"taxonomy":"category","embeddable":true,"href":"https:\/\/nvnoticias.mx\/index.php\/wp-json\/wp\/v2\/categories?post=78029"},{"taxonomy":"post_tag","embeddable":true,"href":"https:\/\/nvnoticias.mx\/index.php\/wp-json\/wp\/v2\/tags?post=78029"}],"curies":[{"name":"wp","href":"https:\/\/api.w.org\/{rel}","templated":true}]}}